{"id":32205,"date":"2015-10-19T07:30:29","date_gmt":"2015-10-19T05:30:29","guid":{"rendered":"https:\/\/blog.wiwo.de\/look-at-it\/?p=32205"},"modified":"2015-10-18T11:58:12","modified_gmt":"2015-10-18T09:58:12","slug":"vom-grosrechner-1950-uber-amazon-bis-icloud-die-geschichte-des-cloud-computing","status":"publish","type":"post","link":"https:\/\/blog.wiwo.de\/look-at-it\/2015\/10\/19\/vom-grosrechner-1950-uber-amazon-bis-icloud-die-geschichte-des-cloud-computing\/","title":{"rendered":"Vom Gro\u00dfrechner 1950 \u00fcber Amazon bis iCloud: Die Geschichte des Cloud Computing"},"content":{"rendered":"<p><strong>Die wichtigsten Cloud-Meilensteine der vergangenen sechzig Jahre &#8211; angefangen beim Mainframe und dem Internet-Vorl\u00e4ufer Arpanet.<\/strong><\/p>\n<p>Eigentlich ist Cloud Computing &#8211; also die Software-Nutzung per Browser-Zugriff \u00fcbers Internet &#8211; noch relativ jungen Datums: Laut Wikipedia ist der Begriff <a href=\"https:\/\/de.wikipedia.org\/wiki\/Cloud_Computing\" target=\"_blank\">irgendwann in den Nuller Jahren durch Amazon &amp; Co. aufgetaucht<\/a>. Auf das Jahr 2009 datiert eine ausf\u00fchrliche <a href=\"https:\/\/de.slideshare.net\/crossgov\/nist-definition-of-cloud-computing-v15\" target=\"_blank\">Definition der US-Beh\u00f6rde\u00a0National Institute of Standards and Technology<\/a>.<\/p>\n<p style=\"text-align: center\"><img loading=\"lazy\" decoding=\"async\" class=\"aligncenter size-full wp-image-32211\" style=\"border: 0px\" alt=\"\" src=\"https:\/\/blog.wiwo.de\/look-at-it\/files\/2015\/10\/CloudHistory_Teaser1.jpg\" width=\"560\" height=\"109\" srcset=\"https:\/\/blog.wiwo.de\/look-at-it\/files\/2015\/10\/CloudHistory_Teaser1.jpg 560w, https:\/\/blog.wiwo.de\/look-at-it\/files\/2015\/10\/CloudHistory_Teaser1-300x58.jpg 300w, https:\/\/blog.wiwo.de\/look-at-it\/files\/2015\/10\/CloudHistory_Teaser1-500x97.jpg 500w\" sizes=\"auto, (max-width: 560px) 100vw, 560px\" \/><\/p>\n<p>Dennoch l\u00e4sst sich das dem Cloud Computing zugrundeliegende Konzept &#8211; n\u00e4mlich das Teilen von Rechnerkapazit\u00e4ten \u00fcber eine Remote-Zugriff zur\u00fcckverfolgen bis in die f\u00fcnfziger Jahre des vergangenen Jahrhunderts.<\/p>\n<p>Denn mit den <a href=\"https:\/\/blog.wiwo.de\/look-at-it\/2014\/04\/10\/totgesagte-leben-langer-50-jahre-mainframe-das-system360-von-ibm-hat-geburtstag\/\" target=\"_blank\">Gro\u00dfrechnern jener Zeit<\/a> kam auch das sogenannte Time Sharing auf. Damit ist der Mainframe letztlich so etwas wie der Urahn des heutigen Cloud Computings: Denn die Idee, dass verschiedene Nutzer oder Anwendungen zentralisierte Rechnerkapazit\u00e4ten teilen, gilt bis heute.<\/p>\n<p>Ein weiterer Vorfahre der Cloud ist das <a href=\"https:\/\/blog.wiwo.de\/look-at-it\/2013\/06\/24\/apropos-neuland-40-jahre-internet-damals-und-heute\/\" target=\"_blank\">1969 ins Leben gerufene Universit\u00e4tsnetzwerks Arpanet<\/a>: Jener Vorl\u00e4ufer des heutigen Internets f\u00fchrte erstmals das Konzept von geographisch verteilten, aber untereinander vernetzten Rechnern ein &#8211; auch dies bis heute eine wichtige Grundlage von Cloud Computing.<\/p>\n<p>So richtig z\u00fcndete der Cloud-Gedanke schlie\u00dflich im Jahr 2006, als Amazon seinen Dienst Amazon Web Services (AWS) startete und eigene Rechner- und Speicherkapazit\u00e4ten an Fremdfirmen vermietete. Inzwischen hat sich die Amazon-Cloud zum <a href=\"https:\/\/blog.wiwo.de\/look-at-it\/2014\/07\/24\/die-amazon-cloud-das-am-schnellsten-wachsende-software-geschaft-der-it-geschichte\/\" target=\"_blank\">am schnellsten wachsenden Software-Gesch\u00e4ft der IT-Geschichte entwickelt, wie ich im vergangenen Jahr hier dargestellt habe<\/a>.<\/p>\n<p>Im Jahr 2011 hat Apple schlie\u00dflich seinen <a href=\"https:\/\/de.wikipedia.org\/wiki\/ICloud\" target=\"_blank\">Dienst iCloud<\/a> gestartet &#8211; und das Cloud Computing damit sogar begrifflich nach vorn ger\u00fcckt: So es der Nutzer zul\u00e4sst, speichert und synchronisiert der Dienst automatisch alle an maximal zehn verschiedenen Apple-Ger\u00e4ten geschossenen Fotos, Videos und dort erstellte Dokumente in der Cloud.<\/p>\n<p>Alle weiteren Stationen rund ums Cloud Computing gibt&#8217;s in der folgenden Infografik &#8211; zum Vergr\u00f6\u00dfern zwei Mal anklicken:<\/p>\n<p style=\"text-align: center\"><a href=\"https:\/\/www.thoughtsoncloud.com\/wp-content\/uploads\/2015\/04\/IBM_TOC_Timeline_Infographic.png\"><img loading=\"lazy\" decoding=\"async\" class=\"aligncenter\" style=\"border: 0px\" alt=\"\" src=\"https:\/\/www.thoughtsoncloud.com\/wp-content\/uploads\/2015\/04\/IBM_TOC_Timeline_Infographic.png\" width=\"560\" height=\"6892\" \/><\/a><\/p>\n<p style=\"text-align: center\">Quelle: <a href=\"https:\/\/www.visualistan.com\/2015\/09\/a-brief-history-of-cloud-infographic.html\" target=\"_blank\">ThoughtsOnCloud<\/a><\/p>\n<p><strong>Verwandte Artikel:<\/strong><\/p>\n<p><a href=\"https:\/\/blog.wiwo.de\/look-at-it\/2015\/08\/25\/deutscher-mittelstand-schlusslicht-bei-cloud-nutzung-15-prozentpunkte-unter-durchschnitt\/\" target=\"_blank\">Deutscher Mittelstand Schlusslicht bei Cloud-Nutzung; 15 % unter Durchschnitt<\/a><\/p>\n<p><a href=\"https:\/\/blog.wiwo.de\/look-at-it\/2015\/08\/19\/zwischen-2012-und-2017-verdreifacht-sich-der-cloud-datenverkehr-auf-8-zettabyte\/\" target=\"_blank\">Zwischen 2012 und 2017 verdreifacht sich der Cloud-Datenverkehr auf 8 Zettabyte<\/a><\/p>\n<p><a href=\"https:\/\/blog.wiwo.de\/look-at-it\/2015\/08\/12\/24-milliarden-menschen-nutzen-cloud-dienste-bis-2017-drei-viertel-aller-daten-in-der-wolke\/\" target=\"_blank\">2,4 Milliarden Menschen nutzen Cloud-Dienste; bis 2017 3\/4 aller Daten in der Wolke<\/a><\/p>\n<p><a href=\"https:\/\/blog.wiwo.de\/look-at-it\/2015\/07\/06\/deutsche-firmen-konnen-fur-60-prozent-ihrer-cloud-daten-kein-sicherheitsrisiko-abschatzen\/\" target=\"_blank\">Firmen k\u00f6nnen f\u00fcr 60 Prozent ihrer Cloud-Daten kein Sicherheitsrisiko absch\u00e4tzen<\/a><\/p>\n<p><a href=\"https:\/\/blog.wiwo.de\/look-at-it\/2014\/10\/29\/cloud-computing-akzeptanz-in-deutschland-steigt-sicherheitsbedenken-grostes-hemmnis\/\" target=\"_blank\">Cloud Computing: Akzeptanz in Deutschland steigt \u2013 Sicherheitsbedenken Hemmnis<\/a><\/p>\n","protected":false},"excerpt":{"rendered":"<p>Die wichtigsten Cloud-Meilensteine der vergangenen sechzig Jahre &#8211; angefangen beim Mainframe und dem Internet-Vorl\u00e4ufer Arpanet. Eigentlich ist Cloud Computing &#8211; also die Software-Nutzung per Browser-Zugriff \u00fcbers Internet &#8211; noch relativ jungen Datums: Laut Wikipedia ist der Begriff irgendwann in den &hellip; <a href=\"https:\/\/blog.wiwo.de\/look-at-it\/2015\/10\/19\/vom-grosrechner-1950-uber-amazon-bis-icloud-die-geschichte-des-cloud-computing\/\">Weiterlesen <span class=\"meta-nav\">&rarr;<\/span><\/a><\/p>\n","protected":false},"author":16,"featured_media":32211,"comment_status":"open","ping_status":"open","sticky":false,"template":"","format":"standard","meta":{"footnotes":""},"categories":[1],"tags":[84,7,16,40,115,229],"class_list":["post-32205","post","type-post","status-publish","format-standard","has-post-thumbnail","hentry","category-allgemein","tag-amazon","tag-apple","tag-cloud-computing","tag-internet","tag-it-geschichte","tag-mainframe"],"_links":{"self":[{"href":"https:\/\/blog.wiwo.de\/look-at-it\/wp-json\/wp\/v2\/posts\/32205","targetHints":{"allow":["GET"]}}],"collection":[{"href":"https:\/\/blog.wiwo.de\/look-at-it\/wp-json\/wp\/v2\/posts"}],"about":[{"href":"https:\/\/blog.wiwo.de\/look-at-it\/wp-json\/wp\/v2\/types\/post"}],"author":[{"embeddable":true,"href":"https:\/\/blog.wiwo.de\/look-at-it\/wp-json\/wp\/v2\/users\/16"}],"replies":[{"embeddable":true,"href":"https:\/\/blog.wiwo.de\/look-at-it\/wp-json\/wp\/v2\/comments?post=32205"}],"version-history":[{"count":0,"href":"https:\/\/blog.wiwo.de\/look-at-it\/wp-json\/wp\/v2\/posts\/32205\/revisions"}],"wp:featuredmedia":[{"embeddable":true,"href":"https:\/\/blog.wiwo.de\/look-at-it\/wp-json\/wp\/v2\/media\/32211"}],"wp:attachment":[{"href":"https:\/\/blog.wiwo.de\/look-at-it\/wp-json\/wp\/v2\/media?parent=32205"}],"wp:term":[{"taxonomy":"category","embeddable":true,"href":"https:\/\/blog.wiwo.de\/look-at-it\/wp-json\/wp\/v2\/categories?post=32205"},{"taxonomy":"post_tag","embeddable":true,"href":"https:\/\/blog.wiwo.de\/look-at-it\/wp-json\/wp\/v2\/tags?post=32205"}],"curies":[{"name":"wp","href":"https:\/\/api.w.org\/{rel}","templated":true}]}}