{"id":31515,"date":"2015-09-08T07:30:19","date_gmt":"2015-09-08T05:30:19","guid":{"rendered":"https:\/\/blog.wiwo.de\/look-at-it\/?p=31515"},"modified":"2016-01-15T13:00:58","modified_gmt":"2016-01-15T12:00:58","slug":"whatsapp-erreicht-900-millionen-nutzer-schon-im-januar-erster-messenger-mit-einer-milliarde","status":"publish","type":"post","link":"https:\/\/blog.wiwo.de\/look-at-it\/2015\/09\/08\/whatsapp-erreicht-900-millionen-nutzer-schon-im-januar-erster-messenger-mit-einer-milliarde\/","title":{"rendered":"WhatsApp erreicht 900 Millionen Nutzer &#8211; schon im Januar erster Messenger mit einer Milliarde?"},"content":{"rendered":"<p><strong>Im Fr\u00fchjahr 2016 d\u00fcrfte Facebook mit WhatsApp und dem FB Messenger gleich zwei Nachrichten-Apps jenseits der Milliarden-Schwelle im Portfolio haben.<\/strong><\/p>\n<p>Auf vergleichsweise unspektakul\u00e4re Weise hat WhatsApp-Chef Jan Koum Ende der vergangenen Woche den n\u00e4chsten Meilenstein bekanntgegeben: Per Facebook-Post verk\u00fcndete er, dass der von ihm mitgegr\u00fcndete Messenger <a href=\"https:\/\/www.facebook.com\/jan.koum\/posts\/10153580960970011?pnref=story\" target=\"_blank\">nunmehr die Schwelle von 900 Millionen aktiven Nutzern im Monat erreicht habe<\/a>.<\/p>\n<p>Damit setzt sich die Nachrichten-App deutlich vor die \u00e4rgsten Wettbewerber &#8211; zum einen den konzerneigenen Konkurrenten Facebook Messenger mit 700 Millionen Nutzern, zum anderen den chinesischen Rivalen WeChat mit zuletzt 600 Millionen Usern:<\/p>\n<p style=\"text-align: center\"><img loading=\"lazy\" decoding=\"async\" class=\"aligncenter  wp-image-31527\" style=\"border: 0px\" alt=\"\" src=\"https:\/\/blog.wiwo.de\/look-at-it\/files\/2015\/09\/WA900_1.jpg\" width=\"578\" height=\"249\" srcset=\"https:\/\/blog.wiwo.de\/look-at-it\/files\/2015\/09\/WA900_1.jpg 578w, https:\/\/blog.wiwo.de\/look-at-it\/files\/2015\/09\/WA900_1-300x129.jpg 300w, https:\/\/blog.wiwo.de\/look-at-it\/files\/2015\/09\/WA900_1-500x215.jpg 500w\" sizes=\"auto, (max-width: 578px) 100vw, 578px\" \/><\/p>\n<p style=\"text-align: center\">Quelle: <a href=\"https:\/\/qz.com\/495419\/whatsapp-has-900-million-monthly-active-users-but-still-no-business-model\/\" target=\"_blank\">Quartz<\/a><\/p>\n<p>Damit ist der Krieg der Messenger aktuell eines der am st\u00e4rksten umk\u00e4mpften Schlachtfelder im Bereich Internet und Social Media. Grund: Dank ihres Wachstums und ihrer Reichweite werden Messenger zunehmend der zentrale Dreh- und Angelpunkt auf Smartphones \u2013 so wie fr\u00fcher soziale Netzwerke.<\/p>\n<p>Bleibt als spannende Frage: Welcher Dienst wird als erster die Schwelle von einer Milliarde Nutzern erreichen &#8211; und sich damit bei den vergleichsweise jungen Milliarden-Plattformen wie Apple iOS, Android und zuletzt Facebook einreihen? Gemessen an dem intakten Wachstumspfad, d\u00fcrfte dies WhatsApp gelingen &#8211; und zwar im Januar 2016.<\/p>\n<p>Dies sch\u00e4tzt Kollege Holger Schmidt vom &#8222;Focus&#8220;, basierend auf den j\u00fcngst verk\u00fcndeten Zahlen. Auf den Fersen k\u00f6nnte dann bereits im Mai des kommenden Jahres der Facebook Messenger folgen:<\/p>\n<p style=\"text-align: center\"><img loading=\"lazy\" decoding=\"async\" class=\"aligncenter size-full wp-image-31532\" style=\"border: 0px\" alt=\"\" src=\"https:\/\/blog.wiwo.de\/look-at-it\/files\/2015\/09\/WA900_2.jpg\" width=\"560\" height=\"437\" srcset=\"https:\/\/blog.wiwo.de\/look-at-it\/files\/2015\/09\/WA900_2.jpg 560w, https:\/\/blog.wiwo.de\/look-at-it\/files\/2015\/09\/WA900_2-300x234.jpg 300w, https:\/\/blog.wiwo.de\/look-at-it\/files\/2015\/09\/WA900_2-384x300.jpg 384w\" sizes=\"auto, (max-width: 560px) 100vw, 560px\" \/><\/p>\n<p style=\"text-align: center\">Quelle: <a href=\"https:\/\/twitter.com\/HolgerSchmidt\/status\/640793542164656128\" target=\"_blank\">Holger Schmidt\/Netzoekonom.de<\/a><\/p>\n<p style=\"text-align: left\">Beide Entwicklungen unterstreichen einmal mehr: Sowohl der <a href=\"https:\/\/blog.wiwo.de\/look-at-it\/2014\/02\/26\/whatsapp-kauf-durch-facebook-gigantisch-uberteuert-oder-doch-ein-schnappchen\/\" target=\"_blank\">Kauf von WhatsApp f\u00fcr 19 Milliarden Dollar<\/a> wie auch die <a href=\"https:\/\/blog.wiwo.de\/look-at-it\/2014\/09\/30\/die-app-aufspaltung-hin-zum-facebook-messenger-umstritten-aber-riesiger-erfolg\/\" target=\"_blank\">Auslagerung des FB Messengers in eine eigenst\u00e4ndige App<\/a> waren wichtige und richtige strategische Schritte von Facebook-Chef Mark Zuckerberg.<\/p>\n<p style=\"text-align: left\">Die im Januar hier im Blog gestellte Prognose, die <a href=\"https:\/\/blog.wiwo.de\/look-at-it\/2015\/01\/06\/erste-prognose-fur-2015-messenger-uberholen-in-diesem-jahr-soziale-netzwerke\/\" target=\"_blank\">vier gr\u00f6\u00dften Messaging-Apps w\u00fcrden noch im Laufe des Jahres 2015 die vier gr\u00f6\u00dften sozialen Netzwerke bei der Nutzerzahl \u00fcberholen<\/a>, kann Zuckerberg daher ganz gelassen entgegen treten.<\/p>\n<p><strong>Verwandte Artikel:<\/strong><\/p>\n<p><a href=\"https:\/\/blog.wiwo.de\/look-at-it\/2015\/05\/19\/app-nutzung-kommunikation-in-deutschland-social-media-in-den-usa-spiele-in-asien\/\" target=\"_blank\">App-Nutzung: Kommunikation in Deutschland, Social Media in USA, Spiele in Asien<\/a><\/p>\n<p><a href=\"https:\/\/blog.wiwo.de\/look-at-it\/2015\/01\/06\/erste-prognose-fur-2015-messenger-uberholen-in-diesem-jahr-soziale-netzwerke\/\" target=\"_blank\">Messenger-Wars #2: Facebook hat Platz 1 zur\u00fcckerobert \u2013 und startet weiter durch<\/a><\/p>\n<p><a href=\"https:\/\/blog.wiwo.de\/look-at-it\/2015\/02\/03\/social-messaging-apps-2014-snapchat-wachst-am-schnellsten-facebook-messenger-auf-platz-2\/\" target=\"_blank\">Messaging 2014: Snapchat w\u00e4chst am schnellsten, Facebook Messenger Platz 2<\/a><\/p>\n<p><a href=\"https:\/\/blog.wiwo.de\/look-at-it\/2015\/01\/06\/erste-prognose-fur-2015-messenger-uberholen-in-diesem-jahr-soziale-netzwerke\/\" target=\"_blank\">Erste Prognose f\u00fcr 2015: Messenger \u00fcberholen in diesem Jahr soziale Netzwerke<\/a><\/p>\n","protected":false},"excerpt":{"rendered":"<p>Im Fr\u00fchjahr 2016 d\u00fcrfte Facebook mit WhatsApp und dem FB Messenger gleich zwei Nachrichten-Apps jenseits der Milliarden-Schwelle im Portfolio haben. Auf vergleichsweise unspektakul\u00e4re Weise hat WhatsApp-Chef Jan Koum Ende der vergangenen Woche den n\u00e4chsten Meilenstein bekanntgegeben: Per Facebook-Post verk\u00fcndete er, &hellip; <a href=\"https:\/\/blog.wiwo.de\/look-at-it\/2015\/09\/08\/whatsapp-erreicht-900-millionen-nutzer-schon-im-januar-erster-messenger-mit-einer-milliarde\/\">Weiterlesen <span class=\"meta-nav\">&rarr;<\/span><\/a><\/p>\n","protected":false},"author":16,"featured_media":31532,"comment_status":"open","ping_status":"open","sticky":false,"template":"","format":"standard","meta":{"footnotes":""},"categories":[1],"tags":[8,23,282,221,53,218,156],"class_list":["post-31515","post","type-post","status-publish","format-standard","has-post-thumbnail","hentry","category-allgemein","tag-apps","tag-facebook","tag-facebook-messenger","tag-messenger","tag-mobile","tag-wechat","tag-whatsapp"],"_links":{"self":[{"href":"https:\/\/blog.wiwo.de\/look-at-it\/wp-json\/wp\/v2\/posts\/31515","targetHints":{"allow":["GET"]}}],"collection":[{"href":"https:\/\/blog.wiwo.de\/look-at-it\/wp-json\/wp\/v2\/posts"}],"about":[{"href":"https:\/\/blog.wiwo.de\/look-at-it\/wp-json\/wp\/v2\/types\/post"}],"author":[{"embeddable":true,"href":"https:\/\/blog.wiwo.de\/look-at-it\/wp-json\/wp\/v2\/users\/16"}],"replies":[{"embeddable":true,"href":"https:\/\/blog.wiwo.de\/look-at-it\/wp-json\/wp\/v2\/comments?post=31515"}],"version-history":[{"count":0,"href":"https:\/\/blog.wiwo.de\/look-at-it\/wp-json\/wp\/v2\/posts\/31515\/revisions"}],"wp:featuredmedia":[{"embeddable":true,"href":"https:\/\/blog.wiwo.de\/look-at-it\/wp-json\/wp\/v2\/media\/31532"}],"wp:attachment":[{"href":"https:\/\/blog.wiwo.de\/look-at-it\/wp-json\/wp\/v2\/media?parent=31515"}],"wp:term":[{"taxonomy":"category","embeddable":true,"href":"https:\/\/blog.wiwo.de\/look-at-it\/wp-json\/wp\/v2\/categories?post=31515"},{"taxonomy":"post_tag","embeddable":true,"href":"https:\/\/blog.wiwo.de\/look-at-it\/wp-json\/wp\/v2\/tags?post=31515"}],"curies":[{"name":"wp","href":"https:\/\/api.w.org\/{rel}","templated":true}]}}