{"id":30942,"date":"2015-08-12T07:30:34","date_gmt":"2015-08-12T05:30:34","guid":{"rendered":"https:\/\/blog.wiwo.de\/look-at-it\/?p=30942"},"modified":"2015-08-18T09:50:39","modified_gmt":"2015-08-18T07:50:39","slug":"24-milliarden-menschen-nutzen-cloud-dienste-bis-2017-drei-viertel-aller-daten-in-der-wolke","status":"publish","type":"post","link":"https:\/\/blog.wiwo.de\/look-at-it\/2015\/08\/12\/24-milliarden-menschen-nutzen-cloud-dienste-bis-2017-drei-viertel-aller-daten-in-der-wolke\/","title":{"rendered":"2,4 Milliarden Menschen nutzen Cloud-Dienste; bis 2017 drei Viertel aller Daten in der Wolke"},"content":{"rendered":"<p><strong>Schon heute nutzen 60 Prozent aller Unternehmen die Cloud; aktuell sind dort ein Exabyte Daten gespeichert &#8211; das sind eine Milliarde Gigabyte.\u00a0<\/strong><\/p>\n<p>Cloud Computing ist als eines der wichtigsten Wachstumsthemen der IT seit Jahren in aller Munde. Dabei wird oftmals noch \u00fcbersehen, wie verbreitet solche Internet-Dienste aus der Datenwolke l\u00e4ngst sind &#8211; und zwar f\u00fcr Endnutzer wie Unternehmen gleicherma\u00dfen.<\/p>\n<p style=\"text-align: center\"><img loading=\"lazy\" decoding=\"async\" class=\"aligncenter size-full wp-image-31006\" style=\"border: 0px\" alt=\"\" src=\"https:\/\/blog.wiwo.de\/look-at-it\/files\/2015\/08\/Cloud_Landkarte_Teaser1.jpg\" width=\"560\" height=\"80\" srcset=\"https:\/\/blog.wiwo.de\/look-at-it\/files\/2015\/08\/Cloud_Landkarte_Teaser1.jpg 560w, https:\/\/blog.wiwo.de\/look-at-it\/files\/2015\/08\/Cloud_Landkarte_Teaser1-300x42.jpg 300w, https:\/\/blog.wiwo.de\/look-at-it\/files\/2015\/08\/Cloud_Landkarte_Teaser1-500x71.jpg 500w\" sizes=\"auto, (max-width: 560px) 100vw, 560px\" \/><\/p>\n<p>Der zum japanischen Telekommunikations-Riesen NTT geh\u00f6rende IT-Dienstleister Dimension Data mit Hauptsitz in S\u00fcdafrika hat k\u00fcrzlich eine sogenannte Cloud-Landkarte ver\u00f6ffentlicht, die den Status-Quo der Cloud-Nutzung verdeutlicht.<\/p>\n<p>Demnach nutzen rund um den Globus bereits 2,4 Milliarden Menschen Cloud-basierte Dienste in irgend einer Form &#8211; <a href=\"https:\/\/blog.wiwo.de\/look-at-it\/2015\/08\/04\/wachstum-in-der-digitalen-welt-internet-8-prozent-mobile-3-prozent-social-9-prozent\/\" target=\"_blank\">das sind gut ein Drittel der Weltbev\u00f6lkerung<\/a>. Bei den Unternehmen wiederum nutzen bereits mehr als 60 Prozent die Cloud schon jetzt f\u00fcr die Ausf\u00fchrung IT-bezogener Prozesse.<\/p>\n<p>Aktuell lagern demnach bereits ein Exabyte Daten in der Cloud &#8211; das sind eine Milliarde Gigabyte. Und der Marsch in die Internet-Wolke soll mit unverminderter Geschwindigkeit weitergehen: Bis 2017 werden fast drei Viertel aller Daten auf diesen zentralen Plattformen liegen (73 Prozent).<\/p>\n<p>Weitere Daten zum Ziel der Cloud-Investitionen gibt&#8217;s in der folgenden Infografik:<\/p>\n<p style=\"text-align: center\"><img loading=\"lazy\" decoding=\"async\" class=\"aligncenter size-full wp-image-31003\" style=\"border: 0px\" alt=\"\" src=\"https:\/\/blog.wiwo.de\/look-at-it\/files\/2015\/08\/Cloud_Landkarte.jpg\" width=\"560\" height=\"2150\" srcset=\"https:\/\/blog.wiwo.de\/look-at-it\/files\/2015\/08\/Cloud_Landkarte.jpg 560w, https:\/\/blog.wiwo.de\/look-at-it\/files\/2015\/08\/Cloud_Landkarte-78x300.jpg 78w\" sizes=\"auto, (max-width: 560px) 100vw, 560px\" \/><\/p>\n<p style=\"text-align: center\">Quelle: <a href=\"https:\/\/www.reinventdatacenters.com\/advocacy\/infographics\" target=\"_blank\">Dimension Data<\/a><\/p>\n<p><strong>Verwandte Artikel:<\/strong><\/p>\n<p><a href=\"https:\/\/blog.wiwo.de\/look-at-it\/2015\/07\/06\/deutsche-firmen-konnen-fur-60-prozent-ihrer-cloud-daten-kein-sicherheitsrisiko-abschatzen\/\" target=\"_blank\">Firmen k\u00f6nnen f\u00fcr 60 Prozent ihrer Cloud-Daten kein Sicherheitsrisiko absch\u00e4tzen<\/a><\/p>\n<p><a href=\"https:\/\/blog.wiwo.de\/look-at-it\/2015\/07\/06\/deutsche-firmen-konnen-fur-60-prozent-ihrer-cloud-daten-kein-sicherheitsrisiko-abschatzen\/\" target=\"_blank\">40 Prozent der Unternehmen in Deutschland setzen auf mobile Arbeitspl\u00e4tze<\/a><\/p>\n<p><a href=\"https:\/\/blog.wiwo.de\/look-at-it\/2015\/01\/07\/enterprise-mobility-in-deutschland-vier-von-funf-it-abteilungen-erwarten-steigende-ausgaben\/\" target=\"_blank\">Enterprise Mobility: Vier von f\u00fcnf IT-Abteilungen erwarten steigende Ausgaben<\/a><\/p>\n<p><a href=\"https:\/\/blog.wiwo.de\/look-at-it\/2014\/12\/17\/it-markt-in-deutschland-61-milliarden-euro-umsatz-2014-bis-2018-plus-23-prozent-pro-jahr\/\" target=\"_blank\">IT-Markt in Deutschland: 61 Milliarden Euro Umsatz 2014, bis 2018 plus 2,3% pro Jahr<\/a><\/p>\n<p><a href=\"https:\/\/blog.wiwo.de\/look-at-it\/2014\/10\/29\/cloud-computing-akzeptanz-in-deutschland-steigt-sicherheitsbedenken-grostes-hemmnis\/\" target=\"_blank\">Cloud Computing: Akzeptanz in Deutschland steigt \u2013 Sicherheitsbedenken Hemmnis<\/a><\/p>\n","protected":false},"excerpt":{"rendered":"<p>Schon heute nutzen 60 Prozent aller Unternehmen die Cloud; aktuell sind dort ein Exabyte Daten gespeichert &#8211; das sind eine Milliarde Gigabyte.\u00a0 Cloud Computing ist als eines der wichtigsten Wachstumsthemen der IT seit Jahren in aller Munde. Dabei wird oftmals &hellip; <a href=\"https:\/\/blog.wiwo.de\/look-at-it\/2015\/08\/12\/24-milliarden-menschen-nutzen-cloud-dienste-bis-2017-drei-viertel-aller-daten-in-der-wolke\/\">Weiterlesen <span class=\"meta-nav\">&rarr;<\/span><\/a><\/p>\n","protected":false},"author":16,"featured_media":31006,"comment_status":"open","ping_status":"open","sticky":false,"template":"","format":"standard","meta":{"footnotes":""},"categories":[1],"tags":[210,16],"class_list":["post-30942","post","type-post","status-publish","format-standard","has-post-thumbnail","hentry","category-allgemein","tag-big-data","tag-cloud-computing"],"_links":{"self":[{"href":"https:\/\/blog.wiwo.de\/look-at-it\/wp-json\/wp\/v2\/posts\/30942","targetHints":{"allow":["GET"]}}],"collection":[{"href":"https:\/\/blog.wiwo.de\/look-at-it\/wp-json\/wp\/v2\/posts"}],"about":[{"href":"https:\/\/blog.wiwo.de\/look-at-it\/wp-json\/wp\/v2\/types\/post"}],"author":[{"embeddable":true,"href":"https:\/\/blog.wiwo.de\/look-at-it\/wp-json\/wp\/v2\/users\/16"}],"replies":[{"embeddable":true,"href":"https:\/\/blog.wiwo.de\/look-at-it\/wp-json\/wp\/v2\/comments?post=30942"}],"version-history":[{"count":0,"href":"https:\/\/blog.wiwo.de\/look-at-it\/wp-json\/wp\/v2\/posts\/30942\/revisions"}],"wp:featuredmedia":[{"embeddable":true,"href":"https:\/\/blog.wiwo.de\/look-at-it\/wp-json\/wp\/v2\/media\/31006"}],"wp:attachment":[{"href":"https:\/\/blog.wiwo.de\/look-at-it\/wp-json\/wp\/v2\/media?parent=30942"}],"wp:term":[{"taxonomy":"category","embeddable":true,"href":"https:\/\/blog.wiwo.de\/look-at-it\/wp-json\/wp\/v2\/categories?post=30942"},{"taxonomy":"post_tag","embeddable":true,"href":"https:\/\/blog.wiwo.de\/look-at-it\/wp-json\/wp\/v2\/tags?post=30942"}],"curies":[{"name":"wp","href":"https:\/\/api.w.org\/{rel}","templated":true}]}}