{"id":30286,"date":"2015-06-12T07:30:10","date_gmt":"2015-06-12T05:30:10","guid":{"rendered":"https:\/\/blog.wiwo.de\/look-at-it\/?p=30286"},"modified":"2018-10-04T14:09:36","modified_gmt":"2018-10-04T12:09:36","slug":"apple-prasentiert-das-macintosh-phone-oder-so-hatte-das-iphone-anno-1984-ausgesehen","status":"publish","type":"post","link":"https:\/\/blog.wiwo.de\/look-at-it\/2015\/06\/12\/apple-prasentiert-das-macintosh-phone-oder-so-hatte-das-iphone-anno-1984-ausgesehen\/","title":{"rendered":"Apple pr\u00e4sentiert: Das Macintosh Phone &#8211; oder: So h\u00e4tte das iPhone anno 1984 ausgesehen"},"content":{"rendered":"<p><strong>Ein italienische Designer hat das iPhone per virtueller Zeitmaschine zur\u00fcck ins Zeitalter des ersten Macintosh-Computers bef\u00f6rdert &#8211; inklusive W\u00e4hlscheibe.<\/strong><\/p>\n<p>Apple als vermutlich das am st\u00e4rksten auf Design ausgerichtete IT-Unternehmen \u00fcberhaupt regt regelm\u00e4\u00dfig die Phantasie von Designern rund um den Erdball an. Vor einigen Jahren kursierte etwa ein sehenswerter Clip, das den legend\u00e4ren Commodore 64 \u00e1 la Cupertino bewirbt: <a href=\"https:\/\/blog.wiwo.de\/look-at-it\/2013\/07\/26\/apple-prasentiert-new-amazing-product-den-c64-video\/\" target=\"_blank\" rel=\"noopener\">Apple pr\u00e4sentiert als &#8222;amazing new product&#8220; den C64<\/a>.<\/p>\n<p style=\"text-align: left\">Oder der\u00a0Designer des ersten Macintosh-Computers aus dem Jahre 1984,\u00a0Hartmut Esslinger: Der hat im vergangenen Jahr <a href=\"https:\/\/blog.wiwo.de\/look-at-it\/2014\/07\/04\/nie-realisierte-design-prototypen-von-apple-computern-laptops-handys-aus-den-80ern\/\" target=\"_blank\" rel=\"noopener\">eine ganze Palette nie realisierter, aber sehr sehenswerter Desig<\/a><a href=\"https:\/\/blog.wiwo.de\/look-at-it\/2014\/07\/04\/nie-realisierte-design-prototypen-von-apple-computern-laptops-handys-aus-den-80ern\/\" target=\"_blank\" rel=\"noopener\">n-Prototypen f\u00fcr Apple ver\u00f6ffentlicht hat &#8211; darunter auch Handys<\/a>.<\/p>\n<p><img decoding=\"async\" class=\"post-image-img attachment-large wp-post-image aligncenter\" style=\"border: 0px\" title=\"\" src=\"https:\/\/cdn.cultofmac.com\/wp-content\/uploads\/2015\/05\/mac_01.jpg\" alt=\"\" \/><\/p>\n<p>Die wiederum k\u00f6nnten den in Mailand geborenen und in Thailand lebenden Designer <a href=\"https:\/\/www.pierrecerveau.com\/\" target=\"_blank\" rel=\"noopener\">Pierre Cerveau<\/a> inspiriert haben: Der hat k\u00fcrzlich das iPhone in mehreren Design-Studien per virtueller Zeitmaschine 30 Jahre zur\u00fcck ins Jahr 1984 bef\u00f6rdert.<\/p>\n<p style=\"text-align: left\">So &#8211; oder so \u00e4hnlich &#8211; k\u00f6nnte es tats\u00e4chlich ausgesehen haben, das Macintosh Phone mit 512 Kilobyte Arbeitsspeicher &#8211; inspiriert, nat\u00fcrlich, <a href=\"https:\/\/en.wikipedia.org\/wiki\/Macintosh_512K\" target=\"_blank\" rel=\"noopener\">vom Macintosh 512k<\/a>. Das Mac-Handy kommt mit kleinem Display und W\u00e4hlscheibe daher &#8211; letztere zum Scrollen wie zum W\u00e4hlen (&#8222;Flick to Dial&#8220;). Und\u00a0sogar an eine Werbeanzeige hat Cerveau gedacht&#8230;<img loading=\"lazy\" decoding=\"async\" class=\"aligncenter\" style=\"border: 0px\" src=\"https:\/\/www.designbypierre.com\/uploads\/2\/4\/4\/8\/24489005\/7723552_orig.jpg\" alt=\"\" width=\"560\" height=\"420\" \/><\/p>\n<p style=\"text-align: center\"><img loading=\"lazy\" decoding=\"async\" class=\"aligncenter\" style=\"border: 0px\" src=\"https:\/\/www.designbypierre.com\/uploads\/2\/4\/4\/8\/24489005\/9370418_orig.jpg\" alt=\"\" width=\"560\" height=\"420\" \/><\/p>\n<p style=\"text-align: center\"><img loading=\"lazy\" decoding=\"async\" class=\"aligncenter\" style=\"border: 0px\" src=\"https:\/\/cdn.cultofmac.com\/wp-content\/uploads\/2015\/05\/mac_04.jpg\" alt=\"\" width=\"600\" height=\"375\" \/><\/p>\n<p style=\"text-align: center\"><img loading=\"lazy\" decoding=\"async\" class=\"aligncenter\" style=\"border: 0px\" src=\"https:\/\/www.designbypierre.com\/uploads\/2\/4\/4\/8\/24489005\/6812292_orig.jpg\" alt=\"\" width=\"565\" height=\"800\" \/><\/p>\n<p style=\"text-align: center\">Alle Fotos\u00a0\u00a9 Pierre Cerveau<\/p>\n<p>[via <a href=\"https:\/\/www.cultofmac.com\/324272\/what-iphone-would-have-looked-like-back-in-1984\/\" target=\"_blank\" rel=\"noopener\">CultofMac<\/a>]<\/p>\n<p><strong>Verwandte Artikel:<\/strong><\/p>\n<p><a href=\"https:\/\/blog.wiwo.de\/look-at-it\/2014\/07\/04\/nie-realisierte-design-prototypen-von-apple-computern-laptops-handys-aus-den-80ern\/\" target=\"_blank\" rel=\"noopener\">Nie realisierte Prototypen von Apple-Computern, Laptops &amp; Handys aus den 80ern<\/a><\/p>\n<p><a href=\"https:\/\/blog.wiwo.de\/look-at-it\/2014\/05\/02\/tonbandgerat-floppy-disk-vhs-kassette-co-die-relikte-der-technologie\/\" target=\"_blank\" rel=\"noopener\">Tonbandger\u00e4t, Floppy-Disk, VHS-Kassette &amp; Co. \u2013 die Relikte der Technologie<\/a><\/p>\n<p><a href=\"https:\/\/blog.wiwo.de\/look-at-it\/2013\/06\/18\/von-ada-lovelace-bis-java-php-die-geschichte-der-programmiersprachen\/\" target=\"_blank\" rel=\"noopener\">Von Ada Lovelace bis Java: Die Geschichte der Programmiersprachen<\/a>\u00a0(Infografik)<\/p>\n<p><a href=\"https:\/\/blog.wiwo.de\/look-at-it\/2013\/04\/26\/wie-sich-die-logos-von-apple-ibm-windows-co-entwickelt-haben\/\" target=\"_blank\" rel=\"noopener\">Wie sich die Logos von Apple, IBM, Windows &amp; Co. entwickelt haben<\/a>\u00a0(Infografik)<\/p>\n<p><a href=\"https:\/\/blog.wiwo.de\/look-at-it\/2013\/07\/26\/apple-prasentiert-new-amazing-product-den-c64-video\/\" target=\"_blank\" rel=\"noopener\">Apple pr\u00e4sentiert \u201cnew amazing product\u201d: den C64<\/a>\u00a0(Video)<\/p>\n<p><a href=\"https:\/\/blog.wiwo.de\/look-at-it\/2012\/04\/20\/pc-nostalgie-disketten-laufwerke-als-computer-orgeln\/\" target=\"_blank\" rel=\"noopener\">PC-Nostalgie: Disketten-Laufwerke als Computer-Orgeln<\/a>\u00a0(Video)<\/p>\n","protected":false},"excerpt":{"rendered":"<p>Ein italienische Designer hat das iPhone per virtueller Zeitmaschine zur\u00fcck ins Zeitalter des ersten Macintosh-Computers bef\u00f6rdert &#8211; inklusive W\u00e4hlscheibe. Apple als vermutlich das am st\u00e4rksten auf Design ausgerichtete IT-Unternehmen \u00fcberhaupt regt regelm\u00e4\u00dfig die Phantasie von Designern rund um den Erdball &hellip; <a href=\"https:\/\/blog.wiwo.de\/look-at-it\/2015\/06\/12\/apple-prasentiert-das-macintosh-phone-oder-so-hatte-das-iphone-anno-1984-ausgesehen\/\">Weiterlesen <span class=\"meta-nav\">&rarr;<\/span><\/a><\/p>\n","protected":false},"author":16,"featured_media":30306,"comment_status":"open","ping_status":"open","sticky":false,"template":"","format":"standard","meta":{"footnotes":""},"categories":[1],"tags":[7,27,43,115,50],"class_list":["post-30286","post","type-post","status-publish","format-standard","has-post-thumbnail","hentry","category-allgemein","tag-apple","tag-fundstucke","tag-iphone","tag-it-geschichte","tag-macintosh"],"_links":{"self":[{"href":"https:\/\/blog.wiwo.de\/look-at-it\/wp-json\/wp\/v2\/posts\/30286","targetHints":{"allow":["GET"]}}],"collection":[{"href":"https:\/\/blog.wiwo.de\/look-at-it\/wp-json\/wp\/v2\/posts"}],"about":[{"href":"https:\/\/blog.wiwo.de\/look-at-it\/wp-json\/wp\/v2\/types\/post"}],"author":[{"embeddable":true,"href":"https:\/\/blog.wiwo.de\/look-at-it\/wp-json\/wp\/v2\/users\/16"}],"replies":[{"embeddable":true,"href":"https:\/\/blog.wiwo.de\/look-at-it\/wp-json\/wp\/v2\/comments?post=30286"}],"version-history":[{"count":3,"href":"https:\/\/blog.wiwo.de\/look-at-it\/wp-json\/wp\/v2\/posts\/30286\/revisions"}],"predecessor-version":[{"id":42862,"href":"https:\/\/blog.wiwo.de\/look-at-it\/wp-json\/wp\/v2\/posts\/30286\/revisions\/42862"}],"wp:featuredmedia":[{"embeddable":true,"href":"https:\/\/blog.wiwo.de\/look-at-it\/wp-json\/wp\/v2\/media\/30306"}],"wp:attachment":[{"href":"https:\/\/blog.wiwo.de\/look-at-it\/wp-json\/wp\/v2\/media?parent=30286"}],"wp:term":[{"taxonomy":"category","embeddable":true,"href":"https:\/\/blog.wiwo.de\/look-at-it\/wp-json\/wp\/v2\/categories?post=30286"},{"taxonomy":"post_tag","embeddable":true,"href":"https:\/\/blog.wiwo.de\/look-at-it\/wp-json\/wp\/v2\/tags?post=30286"}],"curies":[{"name":"wp","href":"https:\/\/api.w.org\/{rel}","templated":true}]}}