{"id":29049,"date":"2015-03-30T07:30:59","date_gmt":"2015-03-30T05:30:59","guid":{"rendered":"https:\/\/blog.wiwo.de\/look-at-it\/?p=29049"},"modified":"2016-01-15T13:01:16","modified_gmt":"2016-01-15T12:01:16","slug":"messenger-wars-2-facebook-hat-platz-1-zuruckerobert-und-startet-jetzt-weiter-durch","status":"publish","type":"post","link":"https:\/\/blog.wiwo.de\/look-at-it\/2015\/03\/30\/messenger-wars-2-facebook-hat-platz-1-zuruckerobert-und-startet-jetzt-weiter-durch\/","title":{"rendered":"Messenger-Wars #2: Facebook hat Platz 1 zur\u00fcckerobert &#8211; und startet jetzt weiter durch"},"content":{"rendered":"<p><strong>Zusammen mit WhatsApp kommt Facebook auf 1,3 Milliarden Messenger-Nutzer. Mit dem Ausbau zur Plattform soll der Boom in Zukunft weiter andauern.<\/strong><\/p>\n<p>Wirklich beeindruckende Zahlen seines sozialen Imperiums hatte Facebook-Chef Mark Zuckerberg Mitte vergangener Woche auf seiner Entwicklerkonferenz F8 parat: So verf\u00fcgt der Social-Media-Riese inzwischen nicht nur 1,4 Milliarden aktive Nutzer in seinem sozialen Netzwerk.<\/p>\n<p>Gleichzeitig hat der Anfang 2014 \u00fcbernommene Messaging-Dienst WhatsApp mehr als 700 Millionen Nutzer. Und der hauseigene Facebook Messenger &#8211; so die neueste Zahl &#8211; kommt nunmehr auch auf stolze 600 Millionen User.<\/p>\n<p style=\"text-align: center\"><img loading=\"lazy\" decoding=\"async\" class=\"aligncenter  wp-image-29056\" style=\"border: 0px\" alt=\"\" src=\"https:\/\/blog.wiwo.de\/look-at-it\/files\/2015\/03\/FB_Messaging1.jpg\" width=\"600\" height=\"288\" srcset=\"https:\/\/blog.wiwo.de\/look-at-it\/files\/2015\/03\/FB_Messaging1.jpg 600w, https:\/\/blog.wiwo.de\/look-at-it\/files\/2015\/03\/FB_Messaging1-300x144.jpg 300w, https:\/\/blog.wiwo.de\/look-at-it\/files\/2015\/03\/FB_Messaging1-500x240.jpg 500w\" sizes=\"auto, (max-width: 600px) 100vw, 600px\" \/><\/p>\n<p style=\"text-align: center\">Quelle: Facebook<\/p>\n<p>Damit zeigt sich einmal mehr deutlich, was ich auch schon des\u00f6fteren hier im Blog thematisiert habe: Die Mitte 2014 von Zuckerberg gegen den Nutzerprotest durchgezogene <a href=\"https:\/\/blog.wiwo.de\/look-at-it\/2014\/09\/30\/die-app-aufspaltung-hin-zum-facebook-messenger-umstritten-aber-riesiger-erfolg\/\" target=\"_blank\">Abspaltung des Nachrichtendienstes von der Haupt-App war richtig<\/a> &#8211; und hat die <a href=\"https:\/\/blog.wiwo.de\/look-at-it\/2014\/11\/10\/facebook-messenger-vs-foursquare-warum-klappte-die-eine-aufspaltung-die-andere-nicht\/\" target=\"_blank\">Nutzung des Facebook Messenger beschleunigt<\/a>.<\/p>\n<p>Mehr noch: Laut einer ebenfalls in der vergangenen Woche ver\u00f6ffentlichten Studie des britischen Marktbeobachters OnDevice Resarch <a href=\"https:\/\/ondeviceresearch.com\/blog\/messenger-wars-how-facebook-climbed-number-one\" target=\"_blank\">konnte der Facebook Messenger in den f\u00fcnf n\u00e4her beleuchteten M\u00e4rkten USA, Gro\u00dfbritannien, China, Japan und Deutschland sogar die F\u00fchrungsposition zur\u00fcckgewinnen<\/a>.<\/p>\n<p style=\"text-align: center\"><img loading=\"lazy\" decoding=\"async\" class=\"aligncenter\" style=\"border: 0px\" alt=\"\" src=\"https:\/\/image.slidesharecdn.com\/messengerwars2-150317054123-conversion-gate01\/95\/messenger-wars-2-how-facebook-climbed-back-to-number-1-5-638.jpg?cb=1426780535\" width=\"560\" height=\"420\" \/><\/p>\n<p style=\"text-align: center\">Quelle: <a href=\"https:\/\/image.slidesharecdn.com\/messengerwars2-150317054123-conversion-gate01\/95\/messenger-wars-2-how-facebook-climbed-back-to-number-1-5-638.jpg?cb=1426780535\" target=\"_blank\">OnDevice Research<\/a><\/p>\n<p>Und das, obwohl Facebook &#8211; wie viele andere westliche Dienste &#8211; im Reich der Mitte sogar komplett blockiert ist. Vor allem in den USA aber hat sich die Facebook-App wieder zur\u00fcck an die Spitze gek\u00e4mpft, w\u00e4hrend der Schwester-Dienst WhatsApp hier auf Rang vier zur\u00fcckgefallen ist.<\/p>\n<p>Auff\u00e4llig: Vor allem in Deutschland ist WhatsApp der unumstrittene Messaging-K\u00f6nig. Mehr noch: Laut OnDevice Research sind die Deutschen sogar die &#8222;Super Social Messengers&#8220; unter den betrachteten L\u00e4ndern:\u00a0<a href=\"https:\/\/image.slidesharecdn.com\/messengerwars2-150317054123-conversion-gate01\/95\/messenger-wars-2-how-facebook-climbed-back-to-number-1-32-638.jpg?cb=1426780535\" target=\"_blank\">54 Prozent nutzen die App mindestens zehn Mal &#8211; am Tag wohlgemerkt!<\/a><\/p>\n<p style=\"text-align: center\"><img loading=\"lazy\" decoding=\"async\" class=\"aligncenter\" style=\"border: 0px\" alt=\"\" src=\"https:\/\/image.slidesharecdn.com\/messengerwars2-150317054123-conversion-gate01\/95\/messenger-wars-2-how-facebook-climbed-back-to-number-1-35-638.jpg?cb=1426780535\" width=\"560\" height=\"420\" \/><\/p>\n<p style=\"text-align: center\">Quelle: <a href=\"https:\/\/ondeviceresearch.com\/blog\/messenger-wars-how-facebook-climbed-number-one\" target=\"_blank\">OnDevice Research<\/a><\/p>\n<p>&nbsp;<\/p>\n<p>Weil Zuckerberg mit Messenger und WhatsApp zusammen fast genauso viele Nutzer anspricht wie mit seinem sozialen Netzwerk, verf\u00fcgt Facebook also \u00fcber beste Voraussetzungen, seinen Vorsprung weiter auszubauen. Genau das hat er<a href=\"https:\/\/www.wiwo.de\/technologie\/digitale-welt\/messenger-facebook-hat-grosse-plaene-mit-seinem-kurzmitteilungsdienst\/11557456.html\" target=\"_blank\"> auf der F8 angek\u00fcndigt, indem der Messenger k\u00fcnftig zu einer eigenen Plattform ausgebaut wird<\/a>.<\/p>\n<p>Der Messaging-Boom d\u00fcrfte also ungebremst weitergehen. Die komplette Studie von OnDevice Resarch <a href=\"https:\/\/de.slideshare.net\/OnDevice\/messenger-wars-2\" target=\"_blank\">gibt&#8217;s \u00fcbrigens hier bei Slideshare<\/a>.<\/p>\n<p><strong>Verwandte Artikel:<\/strong><\/p>\n<p><a href=\"https:\/\/blog.wiwo.de\/look-at-it\/2015\/02\/03\/social-messaging-apps-2014-snapchat-wachst-am-schnellsten-facebook-messenger-auf-platz-2\/\" target=\"_blank\">Messaging 2014: Snapchat w\u00e4chst am schnellsten, Facebook Messenger Platz 2<\/a><\/p>\n<p><a href=\"https:\/\/blog.wiwo.de\/look-at-it\/2015\/01\/06\/erste-prognose-fur-2015-messenger-uberholen-in-diesem-jahr-soziale-netzwerke\/\" target=\"_blank\">Erste Prognose f\u00fcr 2015: Messenger \u00fcberholen in diesem Jahr soziale Netzwerke<\/a><\/p>\n<p><a href=\"https:\/\/blog.wiwo.de\/look-at-it\/2014\/11\/27\/icq-aim-skype-co-gegen-whatsapp-aufstieg-und-fall-der-instant-messenger\/\" target=\"_blank\">ICQ, AIM, Skype &amp; Co. gegen WhatsApp: Aufstieg und Fall der Instant Messenger<\/a><\/p>\n<p><a href=\"https:\/\/blog.wiwo.de\/look-at-it\/2014\/11\/20\/5-jahre-whatsapp-600-millionen-aktive-nutzer-50-milliarden-messages-am-tag\/\" target=\"_blank\">5 Jahre WhatsApp: 600 Millionen aktive Nutzer, 50 Milliarden Messages am Tag<\/a><\/p>\n<p><a href=\"https:\/\/blog.wiwo.de\/look-at-it\/2014\/08\/07\/messenger-boom-600-millionen-mobile-apps-whatsapp-uberholt-facebook\/\" target=\"_blank\">Messenger-Boom: 600 Millionen mobile Apps, WhatsApp \u00fcberholt Facebook<\/a><\/p>\n","protected":false},"excerpt":{"rendered":"<p>Zusammen mit WhatsApp kommt Facebook auf 1,3 Milliarden Messenger-Nutzer. Mit dem Ausbau zur Plattform soll der Boom in Zukunft weiter andauern. Wirklich beeindruckende Zahlen seines sozialen Imperiums hatte Facebook-Chef Mark Zuckerberg Mitte vergangener Woche auf seiner Entwicklerkonferenz F8 parat: So &hellip; <a href=\"https:\/\/blog.wiwo.de\/look-at-it\/2015\/03\/30\/messenger-wars-2-facebook-hat-platz-1-zuruckerobert-und-startet-jetzt-weiter-durch\/\">Weiterlesen <span class=\"meta-nav\">&rarr;<\/span><\/a><\/p>\n","protected":false},"author":16,"featured_media":29056,"comment_status":"open","ping_status":"open","sticky":false,"template":"","format":"standard","meta":{"footnotes":""},"categories":[1],"tags":[8,23,282,221,96,156],"class_list":["post-29049","post","type-post","status-publish","format-standard","has-post-thumbnail","hentry","category-allgemein","tag-apps","tag-facebook","tag-facebook-messenger","tag-messenger","tag-social-media","tag-whatsapp"],"_links":{"self":[{"href":"https:\/\/blog.wiwo.de\/look-at-it\/wp-json\/wp\/v2\/posts\/29049","targetHints":{"allow":["GET"]}}],"collection":[{"href":"https:\/\/blog.wiwo.de\/look-at-it\/wp-json\/wp\/v2\/posts"}],"about":[{"href":"https:\/\/blog.wiwo.de\/look-at-it\/wp-json\/wp\/v2\/types\/post"}],"author":[{"embeddable":true,"href":"https:\/\/blog.wiwo.de\/look-at-it\/wp-json\/wp\/v2\/users\/16"}],"replies":[{"embeddable":true,"href":"https:\/\/blog.wiwo.de\/look-at-it\/wp-json\/wp\/v2\/comments?post=29049"}],"version-history":[{"count":0,"href":"https:\/\/blog.wiwo.de\/look-at-it\/wp-json\/wp\/v2\/posts\/29049\/revisions"}],"wp:featuredmedia":[{"embeddable":true,"href":"https:\/\/blog.wiwo.de\/look-at-it\/wp-json\/wp\/v2\/media\/29056"}],"wp:attachment":[{"href":"https:\/\/blog.wiwo.de\/look-at-it\/wp-json\/wp\/v2\/media?parent=29049"}],"wp:term":[{"taxonomy":"category","embeddable":true,"href":"https:\/\/blog.wiwo.de\/look-at-it\/wp-json\/wp\/v2\/categories?post=29049"},{"taxonomy":"post_tag","embeddable":true,"href":"https:\/\/blog.wiwo.de\/look-at-it\/wp-json\/wp\/v2\/tags?post=29049"}],"curies":[{"name":"wp","href":"https:\/\/api.w.org\/{rel}","templated":true}]}}