{"id":25518,"date":"2014-10-14T07:30:40","date_gmt":"2014-10-14T05:30:40","guid":{"rendered":"https:\/\/blog.wiwo.de\/look-at-it\/?p=25518"},"modified":"2015-05-20T11:11:59","modified_gmt":"2015-05-20T09:11:59","slug":"teens-verlassen-facebook-na-und-bereits-20-prozent-aller-internet-nutzer-auf-instagram","status":"publish","type":"post","link":"https:\/\/blog.wiwo.de\/look-at-it\/2014\/10\/14\/teens-verlassen-facebook-na-und-bereits-20-prozent-aller-internet-nutzer-auf-instagram\/","title":{"rendered":"Teens verlassen Facebook &#8211; na und?! Bereits 20 Prozent aller Internet-Nutzer auf Instagram"},"content":{"rendered":"<p><strong><strong>Facebooks Foto-Netzwerk boomt &#8211; b<\/strong>ei Jugendlichen wie bei anderen Usern: Binnen eines Jahres stieg die Nutzung von Instagram um ein Drittel.<\/strong><\/p>\n<p>In der vergangenen Woche gab&#8217;s zum wiederholten Male Berichte, wonach die Popularit\u00e4t des weltgr\u00f6\u00dften sozialen Netzwerks Facebook insbesondere unter Jugendlichen deutlich zur\u00fcckgehe: So sei die <a href=\"https:\/\/www.washingtonpost.com\/news\/the-intersect\/wp\/2014\/10\/08\/teens-are-officially-over-facebook\/\" target=\"_blank\">Nutzung bei 13- bis 19-j\u00e4hrigen Teenagern in den USA zwischen Fr\u00fchjahr und Herbst dieses Jahres von 72 auf 45 Prozent eingebrochen<\/a>.<\/p>\n<p>Mal losgel\u00f6st von der Frage, wie verl\u00e4sslich jene halbj\u00e4hrliche Studie der amerikanischen Investmentbank Piper Jaffray ist, \u00fcber die ich hier im Blog auch schon \u00f6fters berichte habe: F\u00fcr Facebook-Chef Mark Zuckerberg beinhaltet die Befragung auch eine positive Seite: Denn das zumindest bei den US-Teens beliebteste soziale Netzwerk ist <a href=\"https:\/\/de.statista.com\/infografik\/2806\/diese-social-networks-nutzen-us-teenager\/\" target=\"_blank\">die Fotoplattform Instagram mit einer Nutzungsrate von 76 Prozent<\/a>.<\/p>\n<p>Und genau die geh\u00f6rt seit zwei Jahren ja bekanntlicherweise zum Zuckerberg-Imperium. Ebenso wie \u00fcbrigens der weltweit meistgenutzte Messaging-Dienst WhatsApp. Doch <a href=\"https:\/\/blog.wiwo.de\/look-at-it\/2014\/09\/30\/die-app-aufspaltung-hin-zum-facebook-messenger-umstritten-aber-riesiger-erfolg\/\" target=\"_blank\">gerade diese aktuell stark boomenden Apps<\/a> hat Piper Jaffray in ihrer aktuellen Studie \u00fcberhaupt nicht mitaufgenommen. Aktuell scheint es also, dass Jugendliche &#8211; so sie Facebook denn wirklich den R\u00fccken kehren &#8211; dies innerhalb des Konzernangebots tun.<\/p>\n<p><strong>Das Eine-Milliarde-Dollar-Schn\u00e4ppchen<\/strong><\/p>\n<p>Damit erweist sich der Kauf von Instagram einmal mehr als<a href=\"https:\/\/blog.wiwo.de\/look-at-it\/2012\/04\/16\/instagram-eine-milliarde-dollar-schnappchen-fur-facebook\/\" target=\"_blank\"> Eine-Milliarde-Dollar-Schn\u00e4ppchen f\u00fcr Zuckerberg, wie ich es im April 2012 bereits anl\u00e4sslich des Facebook-Kaufs titelte<\/a>. Denn auch bei anderen Nutzergruppen boomt das Fotonetzwerk laut j\u00fcngst ver\u00f6ffentlichten Zahlen des\u00a0britischen Marktforscher GlobalWebIndex weiterhin.<\/p>\n<p>Demnach hatte im zweiten Quartal 2014 bereits <a href=\"https:\/\/blog.globalwebindex.net\/instagram-infographic\" target=\"_blank\">jeder f\u00fcnfte Internet-Nutzer im Alter zwischen 16 und 64 Jahren rund um den Erdball ein Instagram-Konto<\/a> &#8211; ein Plus von f\u00fcnf Prozentpunkten respektive einem Drittel innerhalb eines Jahres.<\/p>\n<p>Europa ist dabei neben Asien-Pazifik mit einem Nutzungsgrad von nur 16 Prozent die schw\u00e4chste Region weltweit (wen&#8217;s interessiert: ich selber habe erst k\u00fcrzlich meinen eigenen Account er\u00f6ffnet &#8211; zu finden unter <a href=\"https:\/\/instagram.com\/michael_kroker\" target=\"_blank\">instagram.com\/michael_kroker<\/a>)<\/p>\n<p style=\"text-align: center\"><img loading=\"lazy\" decoding=\"async\" class=\"aligncenter\" style=\"border: 0px\" alt=\"\" src=\"https:\/\/cdn2.hubspot.net\/hub\/304927\/file-1707788358-png\/26th-Sept-2014-20-of-internet-users-now-have-an-account-1.png?t=1432112123852\" width=\"560\" height=\"892\" \/><\/p>\n<p style=\"text-align: center\">Quelle: <a href=\"https:\/\/blog.globalwebindex.net\/instagram-infographic\" target=\"_blank\">GlobalWebIndex<\/a><\/p>\n<p><strong>Verwandte Artikel:<\/strong><\/p>\n<p><a href=\"https:\/\/blog.wiwo.de\/look-at-it\/2014\/07\/10\/mobil-gigant-facebook-1-milliarde-app-nutzer-mit-whatsapp-instagram-auf-jedem-handy\/\" target=\"_blank\">Gigant Facebook: 1 Milliarde App-Nutzer; mit WhatsApp &amp; Instagram auf jedem Handy<\/a><\/p>\n<p><a href=\"https:\/\/blog.wiwo.de\/look-at-it\/2014\/06\/26\/jeder-dritte-teenager-standig-bei-facebook-eingeloggt-mehr-als-bei-jeder-anderen-app\/\" target=\"_blank\">Jeder 3. Teenager st\u00e4ndig bei Facebook eingeloggt \u2013 mehr als bei jeder anderen App<\/a><\/p>\n<p><a href=\"https:\/\/blog.wiwo.de\/look-at-it\/2014\/05\/22\/2-quartal-2014-instagram-plus-25-prozent-60-prozent-nutzen-facebook-mehrmals-am-tag\/\" target=\"_blank\">2Q\/14: Instagram plus 25 Prozent; 60 Prozent nutzen Facebook mehrmals am Tag<\/a><\/p>\n<p><a href=\"https:\/\/blog.wiwo.de\/look-at-it\/2014\/05\/12\/von-wegen-exodus-facebook-bei-jungen-erwachsenen-mit-weitem-abstand-vorn\/\" target=\"_blank\">Von wegen Exodus: Facebook bei jungen Erwachsenen mit weitem Abstand vorn<\/a><\/p>\n<p><a href=\"https:\/\/blog.wiwo.de\/look-at-it\/2014\/02\/06\/3-jahre-instagram-218-millionen-registrierte-nutzer-3-millionen-davon-in-deutschland\/\" target=\"_blank\">3 Jahre Instagram: 218 Millionen registrierte Nutzer, 3 Millionen davon in Deutschland<\/a><\/p>\n","protected":false},"excerpt":{"rendered":"<p>Facebooks Foto-Netzwerk boomt &#8211; bei Jugendlichen wie bei anderen Usern: Binnen eines Jahres stieg die Nutzung von Instagram um ein Drittel. In der vergangenen Woche gab&#8217;s zum wiederholten Male Berichte, wonach die Popularit\u00e4t des weltgr\u00f6\u00dften sozialen Netzwerks Facebook insbesondere unter &hellip; <a href=\"https:\/\/blog.wiwo.de\/look-at-it\/2014\/10\/14\/teens-verlassen-facebook-na-und-bereits-20-prozent-aller-internet-nutzer-auf-instagram\/\">Weiterlesen <span class=\"meta-nav\">&rarr;<\/span><\/a><\/p>\n","protected":false},"author":16,"featured_media":25557,"comment_status":"open","ping_status":"open","sticky":false,"template":"","format":"standard","meta":{"footnotes":""},"categories":[1],"tags":[8,23,90,221,53,96,156],"class_list":["post-25518","post","type-post","status-publish","format-standard","has-post-thumbnail","hentry","category-allgemein","tag-apps","tag-facebook","tag-instagram","tag-messenger","tag-mobile","tag-social-media","tag-whatsapp"],"_links":{"self":[{"href":"https:\/\/blog.wiwo.de\/look-at-it\/wp-json\/wp\/v2\/posts\/25518","targetHints":{"allow":["GET"]}}],"collection":[{"href":"https:\/\/blog.wiwo.de\/look-at-it\/wp-json\/wp\/v2\/posts"}],"about":[{"href":"https:\/\/blog.wiwo.de\/look-at-it\/wp-json\/wp\/v2\/types\/post"}],"author":[{"embeddable":true,"href":"https:\/\/blog.wiwo.de\/look-at-it\/wp-json\/wp\/v2\/users\/16"}],"replies":[{"embeddable":true,"href":"https:\/\/blog.wiwo.de\/look-at-it\/wp-json\/wp\/v2\/comments?post=25518"}],"version-history":[{"count":0,"href":"https:\/\/blog.wiwo.de\/look-at-it\/wp-json\/wp\/v2\/posts\/25518\/revisions"}],"wp:featuredmedia":[{"embeddable":true,"href":"https:\/\/blog.wiwo.de\/look-at-it\/wp-json\/wp\/v2\/media\/25557"}],"wp:attachment":[{"href":"https:\/\/blog.wiwo.de\/look-at-it\/wp-json\/wp\/v2\/media?parent=25518"}],"wp:term":[{"taxonomy":"category","embeddable":true,"href":"https:\/\/blog.wiwo.de\/look-at-it\/wp-json\/wp\/v2\/categories?post=25518"},{"taxonomy":"post_tag","embeddable":true,"href":"https:\/\/blog.wiwo.de\/look-at-it\/wp-json\/wp\/v2\/tags?post=25518"}],"curies":[{"name":"wp","href":"https:\/\/api.w.org\/{rel}","templated":true}]}}