{"id":21813,"date":"2014-03-12T07:30:24","date_gmt":"2014-03-12T06:30:24","guid":{"rendered":"https:\/\/blog.wiwo.de\/look-at-it\/?p=21813"},"modified":"2014-03-12T09:42:57","modified_gmt":"2014-03-12T08:42:57","slug":"mein-cebit-fazit-schwieriger-spagat-zwischen-qualitat-und-quantitat","status":"publish","type":"post","link":"https:\/\/blog.wiwo.de\/look-at-it\/2014\/03\/12\/mein-cebit-fazit-schwieriger-spagat-zwischen-qualitat-und-quantitat\/","title":{"rendered":"Mein CeBIT-Fazit: Schwieriger Spagat zwischen Qualit\u00e4t und Quantit\u00e4t"},"content":{"rendered":"<p><strong>Die weltgr\u00f6\u00dfte IT-Messe will nur noch Business-Publikum ansprechen. Das Problem f\u00fcr den Ausrichter: In der Wahrnehmung der \u00d6ffentlichkeit schrumpft die Veranstaltung weiter &#8211; obwohl das von den Ausstellern so gew\u00fcnscht ist.<\/strong><\/p>\n<p>Zum nunmehr achtzehnten Male habe ich in den vergangenen zweieinhalb Tage die weltgr\u00f6\u00dfte IT-Leistungsschau CeBIT in Hannover besucht. Meine pers\u00f6nliche Messe-Vollj\u00e4hrigkeit geht dabei einher mit einem gewissen Erwachsenwerden seitens der CeBIT selber.<\/p>\n<p>Denn was gab es seit dem Boom um die Jahrtausendwende nicht f\u00fcr ein Auf und Ab, ein st\u00e4ndiges Hin und Her bei der jeweiligen Messe-Strategie: Mal sollten mehr IT-Privatanwender angesprochen werden, dann sollten vor allem IT-Professionals angesprochen werden. <a href=\"https:\/\/blog.wiwo.de\/look-at-it\/2010\/02\/28\/cebit-2010-raus-aus-den-kartoffeln-rein-in-die-kartoffeln\/\" target=\"_blank\">&#8222;Raus aus den Kartoffeln, rein in die Kartoffeln&#8220;, titulierte ich meinen Blog-Post \u00fcber die CeBIT im Jahre 2010<\/a>.<\/p>\n<p>Was ein St\u00fcck weit noch heute zutrifft. Jedenfalls gilt in diesem Jahr: Die CeBIT hat dem Verbraucher den R\u00fccken gekehrt und will sich nur noch <a href=\"https:\/\/www.wiwo.de\/technologie\/cebit-spezial\/100-prozent-business-cebit-kehrt-verbrauchern-den-ruecken\/8299932.html\" target=\"_blank\">als hundertprozentige Business-Veranstaltung verstanden wissen<\/a>. Eine Ausrichtung, die mehrere Aussteller, mit denen ich w\u00e4hrend der Messe sprach, positiv bewertet haben &#8211; und zwar IT-Dickschiffe wie Startups gleicherma\u00dfen.<\/p>\n<p style=\"text-align: center\"><img loading=\"lazy\" decoding=\"async\" class=\"aligncenter\" style=\"border: 0px\" alt=\"\" src=\"https:\/\/d28wbuch0jlv7v.cloudfront.net\/images\/infografik\/normal\/infografik_973_besucher_der_computermesse_cebit_n.jpg\" width=\"560\" height=\"399\" \/><\/p>\n<p style=\"text-align: center\">Quelle: <a href=\"https:\/\/de.statista.com\/infografik\/973\/besucher-der-computermesse-cebit\/\" target=\"_blank\">Statista<\/a><\/p>\n<p>Gleichzeitig muss sich der CeBIT-Veranstalter Deutsche Messe AG aber weiterhin in einem schwierigen Spagat zwischen Qualit\u00e4t und Quantit\u00e4t \u00fcben: Obwohl die Mehrzahl der IT-Anbieter den Business-Schwenk begr\u00fc\u00dfen, legen externe Beobachter wie auch Medien ihr Hauptaugenmerk bei der Bewertung der Messe rein auf die Besucherzahl. Ein Umstand, bei dem ich mich nicht ausnehmen m\u00f6chte, <a href=\"https:\/\/blog.wiwo.de\/look-at-it\/2013\/03\/06\/gelingt-der-cebit-endlich-die-trendwende-bei-den-besucherzahlen\/\" target=\"_blank\">wie mein letztj\u00e4hriger Blog-Beitrag zeigt<\/a>.<\/p>\n<p>Dabei ist klar, dass die diesj\u00e4hrige Besucherzahl weiter fallen muss &#8211; allein durch das Vorziehen des Beginns auf den Montag bei gleichzeitigem Verzicht auf den Samstag, der meist den Privatbesuchern vorbehalten waren. Dass die durch die Hallen vagabundierenden, von den Ausstellern hinter vorgehaltener Hand abf\u00e4llig &#8222;Beutelratten&#8220; genannten Menschenscharen nun wegbleiben, ist von allen Seiten gewollt.<\/p>\n<p>Und trotzdem starren viele nun darauf, ob die CeBIT erstmals die magische Schwelle von 200.000 Besuchern nach unten rei\u00dft. So oder so: Ich pers\u00f6nlich habe schon deutlich schw\u00e4chere Messen erlebt. Die diesj\u00e4hrigen Schwerpunktthemen der CeBIT mit Big Data, Cloud Computing und Startups sind nah am Puls der Zeit. F\u00fcr mich gibt&#8217;s jedenfalls aktuell keinen Grund, im kommenden M\u00e4rz nicht wieder nach Hannover zu fahren.<\/p>\n<p><strong>Verwandte Artikel:<\/strong><\/p>\n<p><a href=\"https:\/\/blog.wiwo.de\/look-at-it\/2013\/03\/06\/gelingt-der-cebit-endlich-die-trendwende-bei-den-besucherzahlen\/\" target=\"_blank\">Gelingt der CeBIT endlich die Trendwende bei den Besucherzahlen?<\/a>\u00a0(M\u00e4rz 2013)<\/p>\n<p><a href=\"https:\/\/blog.wiwo.de\/look-at-it\/2012\/06\/27\/exklusiv-polen-wird-cebit-partnerland-2013\/\" target=\"_blank\">Exklusiv: Polen wird CeBIT-Partnerland 2013<\/a>\u00a0(Juni 2012)<\/p>\n<p><a href=\"https:\/\/blog.wiwo.de\/look-at-it\/2012\/03\/08\/mein-cebit-fazit\/\" target=\"_blank\">Mein CeBIT-Fazit: Real schl\u00e4gt virtuell<\/a>\u00a0(M\u00e4rz 2012)<\/p>\n<p><a href=\"https:\/\/blog.wiwo.de\/look-at-it\/2011\/07\/06\/bitkom-chef-frauen-it\/\" target=\"_blank\">Neuer Bitkom-Chef: Mehr Frauen in die IT<\/a>\u00a0(Juli 2011)<\/p>\n<p><a href=\"https:\/\/blog.wiwo.de\/look-at-it\/2010\/02\/28\/cebit-2010-raus-aus-den-kartoffeln-rein-in-die-kartoffeln\/\" target=\"_blank\">CeBIT: Raus aus den Kartoffeln, rein in die Kartoffeln<\/a>\u00a0(Februar 2010)<\/p>\n","protected":false},"excerpt":{"rendered":"<p>Die weltgr\u00f6\u00dfte IT-Messe will nur noch Business-Publikum ansprechen. Das Problem f\u00fcr den Ausrichter: In der Wahrnehmung der \u00d6ffentlichkeit schrumpft die Veranstaltung weiter &#8211; obwohl das von den Ausstellern so gew\u00fcnscht ist. Zum nunmehr achtzehnten Male habe ich in den vergangenen &hellip; <a href=\"https:\/\/blog.wiwo.de\/look-at-it\/2014\/03\/12\/mein-cebit-fazit-schwieriger-spagat-zwischen-qualitat-und-quantitat\/\">Weiterlesen <span class=\"meta-nav\">&rarr;<\/span><\/a><\/p>\n","protected":false},"author":16,"featured_media":0,"comment_status":"open","ping_status":"open","sticky":false,"template":"","format":"standard","meta":{"footnotes":""},"categories":[1],"tags":[12,14],"class_list":["post-21813","post","type-post","status-publish","format-standard","hentry","category-allgemein","tag-bitkom","tag-cebit"],"_links":{"self":[{"href":"https:\/\/blog.wiwo.de\/look-at-it\/wp-json\/wp\/v2\/posts\/21813","targetHints":{"allow":["GET"]}}],"collection":[{"href":"https:\/\/blog.wiwo.de\/look-at-it\/wp-json\/wp\/v2\/posts"}],"about":[{"href":"https:\/\/blog.wiwo.de\/look-at-it\/wp-json\/wp\/v2\/types\/post"}],"author":[{"embeddable":true,"href":"https:\/\/blog.wiwo.de\/look-at-it\/wp-json\/wp\/v2\/users\/16"}],"replies":[{"embeddable":true,"href":"https:\/\/blog.wiwo.de\/look-at-it\/wp-json\/wp\/v2\/comments?post=21813"}],"version-history":[{"count":0,"href":"https:\/\/blog.wiwo.de\/look-at-it\/wp-json\/wp\/v2\/posts\/21813\/revisions"}],"wp:attachment":[{"href":"https:\/\/blog.wiwo.de\/look-at-it\/wp-json\/wp\/v2\/media?parent=21813"}],"wp:term":[{"taxonomy":"category","embeddable":true,"href":"https:\/\/blog.wiwo.de\/look-at-it\/wp-json\/wp\/v2\/categories?post=21813"},{"taxonomy":"post_tag","embeddable":true,"href":"https:\/\/blog.wiwo.de\/look-at-it\/wp-json\/wp\/v2\/tags?post=21813"}],"curies":[{"name":"wp","href":"https:\/\/api.w.org\/{rel}","templated":true}]}}