{"id":21101,"date":"2014-01-31T07:30:52","date_gmt":"2014-01-31T06:30:52","guid":{"rendered":"https:\/\/blog.wiwo.de\/look-at-it\/?p=21101"},"modified":"2014-01-31T09:30:32","modified_gmt":"2014-01-31T08:30:32","slug":"intel-gegen-amd-im-gigahertz-rennen-die-prozessor-geschichte-seit-dem-pentium-1993","status":"publish","type":"post","link":"https:\/\/blog.wiwo.de\/look-at-it\/2014\/01\/31\/intel-gegen-amd-im-gigahertz-rennen-die-prozessor-geschichte-seit-dem-pentium-1993\/","title":{"rendered":"Intel gegen AMD im Gigahertz-Rennen: Die Prozessor-Geschichte seit dem Pentium 1993"},"content":{"rendered":"<p><strong>Vom 60-Megahertz-Chip im Jahre 1993 haben die Halbleiterkonzerne nur sieben Jahre zum \u00dcberschreiten der 1-Gigahertz-Schwelle ben\u00f6tigt.<\/strong><\/p>\n<p>Mal wieder etwas PC- und IT-Geschichte. Vielen, die wie ich im PC-Zeitalter der achtziger und neunziger Jahre gro\u00df geworden sind, ist der Begriff gewiss noch gel\u00e4ufig: Die Rede ist vom <a href=\"https:\/\/www.tomshardware.de\/das-gigahertz-rennen,testberichte-132.html\" target=\"_blank\">Gigahertz-Rennen, einem jahrelangen Wettstreit der beiden Prozessorhersteller Intel und AMD<\/a>.<\/p>\n<p>Dabei motzten die Hableiterkonzerne ihre Chips regelm\u00e4\u00dfig weiter auf und \u00fcbertrumpften sich gegenseitig mit immer neuen Rekorden bei der Taktfrequenz. Die war zwar oft nur eine reine Marketingmasche &#8211; ob ein Computer damit wirklich schneller war, stand auf einem ganz anderen Blatt.<\/p>\n<p>Den Kunden gefiel&#8217;s dennoch, konnte er &#8222;seinen&#8220; Rechner dank Megahertz- und sp\u00e4ter Gigahertz-Angabe doch mit einer griffigen Zahl einordnen. Ich selber erinnere mich noch, dass mein allererster PC aus dem Jahre 1987 von einem <a href=\"https:\/\/de.wikipedia.org\/wiki\/Intel_80286\" target=\"_blank\">286er-Intel-Chip<\/a> mit einer Taktrate von 16 MHz angetrieben wurde.<\/p>\n<p><strong>Der Wettstreit zwischen Intel und AMD gipfelte im Gigahertz-Rennen\u00a0<\/strong><\/p>\n<p>Der Cloud-Anbieter ProfitBricks aus Berlin hat in einer sehenswerten Infografik einen Teil des Intel-AMD-Wettstreits zusammengefasst, und zwar beginnend mit dem im Jahr <a href=\"https:\/\/de.wikipedia.org\/wiki\/Pentium\" target=\"_blank\">1993 erstmals vorgestellten Pentium-Prozessor von Intel<\/a>. Damals lag die Taktfrequenz erst bei vergleichsweise beschaulichen 60 MHz.<\/p>\n<p>Bis zum \u00dcberschreiten der GHz-Marke &#8211; also einer Beschleunigung um den Faktor 16 &#8211; dauerte es nur sieben Jahre: Zur Jahrtausendwende hatte zun\u00e4chst\u00a0<a href=\"https:\/\/www.pcgameshardware.de\/Retrospektive-Thema-214694\/News\/Michelangelo-kommt-AMD-gewinnt-das-Gigahertz-Rennen-und-Ati-bringt-die-Radeon-9800-Pro-PCGH-Retro-06-Maerz-706003\/\" target=\"_blank\">AMD mit seinem Athlon<\/a> und kurz darauf <a href=\"https:\/\/www.chip.de\/news\/Gigahertz-Rennen-Intel-zieht-mit-1-GHz-Prozessor-nach_34157576.html\" target=\"_blank\">Intel mit einem Pentium III<\/a>\u00a0die ersten Prozessoren mit Frequenzen jenseits der ein-Gigahertz-Schwelle vorgestellt.<\/p>\n<p>Weitere interessante Infos zur Prozessor-Geschichte bis zu <a href=\"https:\/\/blog.profitbricks.de\/leistungsvergleich-von-cpu-in-der-cloud\/\" target=\"_blank\">Vier-Kern- (Quad-Core) und Multi-Core-Chips der j\u00fcngeren Vergangenheit gibt&#8217;s in der Infografik<\/a>:<\/p>\n<p style=\"text-align: center\"><img loading=\"lazy\" decoding=\"async\" class=\"aligncenter\" style=\"border: 0px\" alt=\"\" src=\"https:\/\/www.profitbricks.de\/sites\/default\/files\/Profitbricks-von-cpu-zu-cloud.png\" width=\"560\" height=\"3816\" \/><\/p>\n<p style=\"text-align: center\">Quelle: <a href=\"https:\/\/blog.profitbricks.de\/leistungsvergleich-von-cpu-in-der-cloud\/\" target=\"_blank\">ProfitBricks<\/a><\/p>\n<p><strong>Verwandte Artikel:<\/strong><\/p>\n<p><a href=\"https:\/\/blog.wiwo.de\/look-at-it\/2013\/11\/28\/hewlett-packard-200-millionen-laser-drucker-seit-1984-und-30-jahre-laserjet-geschichte\/\" target=\"_blank\">200 Millionen Laser-Drucker seit 1984 \u2013 und 30 Jahre LaserJet-Geschichte<\/a><\/p>\n<p><a href=\"https:\/\/blog.wiwo.de\/look-at-it\/2013\/10\/24\/infografik-das-papierlose-buro-eine-zeitreise-zum-4-world-paper-free-day\/\" target=\"_blank\">Infografik: Das papierlose B\u00fcro \u2013 eine Zeitreise zum 4. World Paper Free Day<\/a><\/p>\n<p><a href=\"https:\/\/blog.wiwo.de\/look-at-it\/2013\/04\/19\/von-lochkarten-bis-zur-cloud-die-geschichte-der-digitalen-speicherung\/\" target=\"_blank\">Von Lochkarten bis zur Cloud: Die Geschichte der digitalen Speicherung<\/a><\/p>\n<p><a href=\"https:\/\/blog.wiwo.de\/look-at-it\/2012\/04\/03\/25-jahre-os2\/\" target=\"_blank\">25 Jahre OS\/2: Wie sich IBM von Microsoft emanzipieren wollte &amp; scheiterte<\/a><\/p>\n<p><a href=\"https:\/\/blog.wiwo.de\/look-at-it\/2012\/01\/06\/brotkasten-c64\/\" target=\"_blank\">Der Brotkasten hat Geburtstag: 30 Jahre C64<\/a><\/p>\n<p><a href=\"https:\/\/blog.wiwo.de\/look-at-it\/2011\/08\/11\/ibm-pc\/\" target=\"_blank\">30 Jahre IBM Personal Computer \u2013 der Beginn der PC-\u00c4ra<\/a><\/p>\n<p><a href=\"https:\/\/blog.wiwo.de\/look-at-it\/2010\/11\/19\/windows-microsoft-grafisches-zeitalter\/\" target=\"_blank\">Windows 1.0 \u2013 wie Microsoft ins grafische Zeitalter startete<\/a><\/p>\n","protected":false},"excerpt":{"rendered":"<p>Vom 60-Megahertz-Chip im Jahre 1993 haben die Halbleiterkonzerne nur sieben Jahre zum \u00dcberschreiten der 1-Gigahertz-Schwelle ben\u00f6tigt. Mal wieder etwas PC- und IT-Geschichte. Vielen, die wie ich im PC-Zeitalter der achtziger und neunziger Jahre gro\u00df geworden sind, ist der Begriff gewiss &hellip; <a href=\"https:\/\/blog.wiwo.de\/look-at-it\/2014\/01\/31\/intel-gegen-amd-im-gigahertz-rennen-die-prozessor-geschichte-seit-dem-pentium-1993\/\">Weiterlesen <span class=\"meta-nav\">&rarr;<\/span><\/a><\/p>\n","protected":false},"author":16,"featured_media":0,"comment_status":"open","ping_status":"open","sticky":false,"template":"","format":"standard","meta":{"footnotes":""},"categories":[1],"tags":[5,31,38,115],"class_list":["post-21101","post","type-post","status-publish","format-standard","hentry","category-allgemein","tag-amd","tag-halbleiter","tag-intel","tag-it-geschichte"],"_links":{"self":[{"href":"https:\/\/blog.wiwo.de\/look-at-it\/wp-json\/wp\/v2\/posts\/21101","targetHints":{"allow":["GET"]}}],"collection":[{"href":"https:\/\/blog.wiwo.de\/look-at-it\/wp-json\/wp\/v2\/posts"}],"about":[{"href":"https:\/\/blog.wiwo.de\/look-at-it\/wp-json\/wp\/v2\/types\/post"}],"author":[{"embeddable":true,"href":"https:\/\/blog.wiwo.de\/look-at-it\/wp-json\/wp\/v2\/users\/16"}],"replies":[{"embeddable":true,"href":"https:\/\/blog.wiwo.de\/look-at-it\/wp-json\/wp\/v2\/comments?post=21101"}],"version-history":[{"count":0,"href":"https:\/\/blog.wiwo.de\/look-at-it\/wp-json\/wp\/v2\/posts\/21101\/revisions"}],"wp:attachment":[{"href":"https:\/\/blog.wiwo.de\/look-at-it\/wp-json\/wp\/v2\/media?parent=21101"}],"wp:term":[{"taxonomy":"category","embeddable":true,"href":"https:\/\/blog.wiwo.de\/look-at-it\/wp-json\/wp\/v2\/categories?post=21101"},{"taxonomy":"post_tag","embeddable":true,"href":"https:\/\/blog.wiwo.de\/look-at-it\/wp-json\/wp\/v2\/tags?post=21101"}],"curies":[{"name":"wp","href":"https:\/\/api.w.org\/{rel}","templated":true}]}}