{"id":20024,"date":"2013-12-02T07:30:45","date_gmt":"2013-12-02T06:30:45","guid":{"rendered":"https:\/\/blog.wiwo.de\/look-at-it\/?p=20024"},"modified":"2014-04-14T11:05:25","modified_gmt":"2014-04-14T09:05:25","slug":"atlas-2013-drei-viertel-aller-deutschen-nutzen-social-media-ost-west-kluft-facebook-nr-1","status":"publish","type":"post","link":"https:\/\/blog.wiwo.de\/look-at-it\/2013\/12\/02\/atlas-2013-drei-viertel-aller-deutschen-nutzen-social-media-ost-west-kluft-facebook-nr-1\/","title":{"rendered":"Atlas 2013: Drei Viertel aller Deutschen nutzen Social Media; Ost-West-Kluft; Facebook Nr. 1"},"content":{"rendered":"<p><strong>Im Vergleich zum 2012 kletterte die Beliebtheit von sozialen Netzwerken um f\u00fcnf Prozentpunkte. Frauen nutzen Facebook, Twitter &amp; Co. signifikant h\u00e4ufiger.<\/strong><\/p>\n<p>(<strong>Update 3.12.2013 14:00 Uhr:<\/strong> Da es manche Missverst\u00e4ndnisse gab &#8211; alle Zahlen beziehen sich auf deutsche Internet-Nutzer, das hei\u00dft drei von vier Online-Deutschen nutzen Social Media usw.)<\/p>\n<p>Die Hamburger Kommunikationsberatung Faktenkontor hat Ende vergangener Woche den <a href=\"https:\/\/www.faktenkontor.de\/leistungsangebot\/b2b-befragung\/faktenkontor-studien\/\" target=\"_blank\">&#8222;Social Media Atlas 2013&#8220; mit allerlei interessanten Zahlen und Fakten zu Deutschland im Web 2.0 ver\u00f6ffentlicht<\/a>. Die &#8222;WirtschaftsWoche&#8220; ver\u00f6ffentlicht hier eine exklusive Zusammenfassung.<\/p>\n<p>Wichtigster Befund: Die Deutschen nutzen soziale Netzwerke immer st\u00e4rker. Insgesamt loggen sich drei Viertel aller Bundesb\u00fcrger regelm\u00e4\u00dfig bei Facebook, YouTube, Twitter &amp; Co. ein. Das ist ein Plus von f\u00fcnf Prozentpunkten gegen\u00fcber 2012 (zum Vergr\u00f6\u00dfern auf de jeweilige Grafik klicken):<\/p>\n<p style=\"text-align: center\"><a href=\"https:\/\/blog.wiwo.de\/look-at-it\/files\/2013\/12\/Atlas13_0.jpg\"><img loading=\"lazy\" decoding=\"async\" class=\"aligncenter  wp-image-20070\" style=\"border: 0px\" alt=\"\" src=\"https:\/\/blog.wiwo.de\/look-at-it\/files\/2013\/12\/Atlas13_0.jpg\" width=\"910\" height=\"663\" srcset=\"https:\/\/blog.wiwo.de\/look-at-it\/files\/2013\/12\/Atlas13_0.jpg 910w, https:\/\/blog.wiwo.de\/look-at-it\/files\/2013\/12\/Atlas13_0-300x218.jpg 300w, https:\/\/blog.wiwo.de\/look-at-it\/files\/2013\/12\/Atlas13_0-411x300.jpg 411w\" sizes=\"auto, (max-width: 910px) 100vw, 910px\" \/><\/a><\/p>\n<p style=\"text-align: center\">Quelle: <a href=\"https:\/\/www.faktenkontor.de\/leistungsangebot\/b2b-befragung\/faktenkontor-studien\/\" target=\"_blank\">Faktenkontor<\/a><\/p>\n<p>Gleichzeitig schrumpfte die Zahl der Social-Media-Verweigerer auf nunmehr 20 Prozent. Frauen nutzen Social-Media-Angebote mit 81 Prozent \u00fcbrigens signifikant st\u00e4rker als M\u00e4nner, von denen sich nur 69 Prozent als User bezeichnen.<\/p>\n<p>Spannend auch die regionalen Unterschiede &#8211; mit einer auff\u00e4lligen Ost-West-Kluft: So sitzen insbesondere in Deutschlands Nordosten die Social-Media-Muffel. In Mecklenburg-Vorpommern, Sachsen-Anhalt und Brandenburg liegt die Social-Media-Nutzung mit jeweils \u00a0weniger als 70 Prozent deutlich unter dem Bundesschnitt:<\/p>\n<p style=\"text-align: center\"><a href=\"https:\/\/blog.wiwo.de\/look-at-it\/files\/2013\/11\/Atlas13_2.jpg\"><img loading=\"lazy\" decoding=\"async\" class=\"aligncenter  wp-image-20051\" style=\"border: 0px\" alt=\"Atlas13_2\" src=\"https:\/\/blog.wiwo.de\/look-at-it\/files\/2013\/11\/Atlas13_2.jpg\" width=\"910\" height=\"658\" srcset=\"https:\/\/blog.wiwo.de\/look-at-it\/files\/2013\/11\/Atlas13_2.jpg 910w, https:\/\/blog.wiwo.de\/look-at-it\/files\/2013\/11\/Atlas13_2-300x216.jpg 300w, https:\/\/blog.wiwo.de\/look-at-it\/files\/2013\/11\/Atlas13_2-414x300.jpg 414w\" sizes=\"auto, (max-width: 910px) 100vw, 910px\" \/><\/a><\/p>\n<p style=\"text-align: center\">Quelle:\u00a0<a href=\"https:\/\/www.faktenkontor.de\/leistungsangebot\/b2b-befragung\/faktenkontor-studien\/\" target=\"_blank\">Faktenkontor<\/a><\/p>\n<p>Umgekehrt sind Bremen mit 82 Prozent und Hessen mit 78 Prozent die Social-Media-Hochburgen der Bundesrepublik. Aber auch das bev\u00f6lkerungsreichste Bundesland Nordrhein-Westfalen liegt mit 77 Prozent \u00fcber dem hiesigen Durchschnitt.<\/p>\n<p>Beim Gesamt-Ranking der beliebtesten sozialen Netzwerken liegt &#8211; wenig verwunderlich &#8211; auch in Deutschland Facebook auf dem Spitzenplatz. Dabei stieg die Nutzung sogar noch von 89 Prozent 2012 auf 92 Prozent in diesem Jahr:<\/p>\n<p style=\"text-align: center\"><a href=\"https:\/\/blog.wiwo.de\/look-at-it\/files\/2013\/11\/Atlas13_3.jpg\"><img loading=\"lazy\" decoding=\"async\" class=\"aligncenter  wp-image-20052\" style=\"border: 0px\" alt=\"Atlas13_3\" src=\"https:\/\/blog.wiwo.de\/look-at-it\/files\/2013\/11\/Atlas13_3.jpg\" width=\"910\" height=\"663\" srcset=\"https:\/\/blog.wiwo.de\/look-at-it\/files\/2013\/11\/Atlas13_3.jpg 910w, https:\/\/blog.wiwo.de\/look-at-it\/files\/2013\/11\/Atlas13_3-300x218.jpg 300w, https:\/\/blog.wiwo.de\/look-at-it\/files\/2013\/11\/Atlas13_3-411x300.jpg 411w\" sizes=\"auto, (max-width: 910px) 100vw, 910px\" \/><\/a><\/p>\n<p style=\"text-align: center\">Quelle:\u00a0<a href=\"https:\/\/www.faktenkontor.de\/leistungsangebot\/b2b-befragung\/faktenkontor-studien\/\" target=\"_blank\">Faktenkontor<\/a><\/p>\n<p>Eng auf den Fersen der Zuckerberg-Company ist das Videoportal YouTube mit 87 Prozent. Einen \u00dcberraschungserfolg kann Google+ verbuchen: Das soziale Netzwerk aus dem Hause Google machte mit einem Plus von 33 Prozent auf nunmehr 41 Prozent den st\u00e4rksten Sprung nach vorne.<\/p>\n<p><strong>Verwandte Artikel:<\/strong><\/p>\n<p><a href=\"https:\/\/blog.wiwo.de\/look-at-it\/2013\/11\/11\/social-media-in-deutschland-facebook-vor-youtube-xing-manner-mit-mehr-job-fokus\/\" target=\"_blank\">Social Media in Deutschland: Facebook vor YouTube &amp; Xing; M\u00e4nner mit Job-Fokus<\/a><\/p>\n<p><a href=\"https:\/\/blog.wiwo.de\/look-at-it\/2013\/11\/04\/vier-von-funf-deutschen-in-sozialen-netzwerken-angemeldet-facebook-weit-vor-stayfriends-co\/\" target=\"_blank\">Vier von f\u00fcnf Deutschen in sozialen Netzwerken; Facebook weit vor Stayfriends &amp; Co.<\/a><\/p>\n<p><a href=\"https:\/\/blog.wiwo.de\/look-at-it\/2013\/10\/21\/social-media-2013-die-zahlen-zu-facebook-twitter-youtube-google-linkedin\/\" target=\"_blank\">Social Media 2013: Die Zahlen zu Facebook, Twitter, YouTube, Google+ &amp; LinkedIn<\/a><\/p>\n<p><a href=\"https:\/\/blog.wiwo.de\/look-at-it\/2013\/10\/10\/die-geschichte-von-social-media-von-der-ersten-e-mail-bis-zum-videodienst-vine\/\" target=\"_blank\">Die Geschichte von Social Media: Von der ersten E-Mail bis zum Videodienst Vine<\/a><\/p>\n<p><a href=\"https:\/\/blog.wiwo.de\/look-at-it\/2013\/09\/09\/infografik-wie-stark-die-internet-nutzung-zwischen-1984-und-2013-zugelegt-hat\/\" target=\"_blank\">Wie stark die Internet-Nutzung zwischen 1984 und 2013 zugelegt hat<\/a><\/p>\n","protected":false},"excerpt":{"rendered":"<p>Im Vergleich zum 2012 kletterte die Beliebtheit von sozialen Netzwerken um f\u00fcnf Prozentpunkte. Frauen nutzen Facebook, Twitter &amp; Co. signifikant h\u00e4ufiger. (Update 3.12.2013 14:00 Uhr: Da es manche Missverst\u00e4ndnisse gab &#8211; alle Zahlen beziehen sich auf deutsche Internet-Nutzer, das hei\u00dft &hellip; <a href=\"https:\/\/blog.wiwo.de\/look-at-it\/2013\/12\/02\/atlas-2013-drei-viertel-aller-deutschen-nutzen-social-media-ost-west-kluft-facebook-nr-1\/\">Weiterlesen <span class=\"meta-nav\">&rarr;<\/span><\/a><\/p>\n","protected":false},"author":16,"featured_media":0,"comment_status":"open","ping_status":"open","sticky":false,"template":"","format":"standard","meta":{"footnotes":""},"categories":[1],"tags":[23,29,96,73,100],"class_list":["post-20024","post","type-post","status-publish","format-standard","hentry","category-allgemein","tag-facebook","tag-googleplus","tag-social-media","tag-twitter","tag-youtube"],"_links":{"self":[{"href":"https:\/\/blog.wiwo.de\/look-at-it\/wp-json\/wp\/v2\/posts\/20024","targetHints":{"allow":["GET"]}}],"collection":[{"href":"https:\/\/blog.wiwo.de\/look-at-it\/wp-json\/wp\/v2\/posts"}],"about":[{"href":"https:\/\/blog.wiwo.de\/look-at-it\/wp-json\/wp\/v2\/types\/post"}],"author":[{"embeddable":true,"href":"https:\/\/blog.wiwo.de\/look-at-it\/wp-json\/wp\/v2\/users\/16"}],"replies":[{"embeddable":true,"href":"https:\/\/blog.wiwo.de\/look-at-it\/wp-json\/wp\/v2\/comments?post=20024"}],"version-history":[{"count":0,"href":"https:\/\/blog.wiwo.de\/look-at-it\/wp-json\/wp\/v2\/posts\/20024\/revisions"}],"wp:attachment":[{"href":"https:\/\/blog.wiwo.de\/look-at-it\/wp-json\/wp\/v2\/media?parent=20024"}],"wp:term":[{"taxonomy":"category","embeddable":true,"href":"https:\/\/blog.wiwo.de\/look-at-it\/wp-json\/wp\/v2\/categories?post=20024"},{"taxonomy":"post_tag","embeddable":true,"href":"https:\/\/blog.wiwo.de\/look-at-it\/wp-json\/wp\/v2\/tags?post=20024"}],"curies":[{"name":"wp","href":"https:\/\/api.w.org\/{rel}","templated":true}]}}