{"id":16510,"date":"2013-05-21T07:30:58","date_gmt":"2013-05-21T05:30:58","guid":{"rendered":"https:\/\/blog.wiwo.de\/look-at-it\/?p=16510"},"modified":"2016-01-11T15:34:19","modified_gmt":"2016-01-11T14:34:19","slug":"kleines-jubilaum-ein-jahr-taglich-gebloggt","status":"publish","type":"post","link":"https:\/\/blog.wiwo.de\/look-at-it\/2013\/05\/21\/kleines-jubilaum-ein-jahr-taglich-gebloggt\/","title":{"rendered":"Kleines Jubil\u00e4um: Ein Jahr t\u00e4glich gebloggt"},"content":{"rendered":"<p><strong>Seit Mai 2012 ver\u00f6ffentliche ich jeden Werktag einen Blogpost, macht seitdem gut 200 Beitr\u00e4ge. Eine R\u00fcckschau &#8211; und eine Frage an die Leser.<\/strong><\/p>\n<p>Na da w\u00e4re mir fast ein gar nicht so unwichtiger Jahrestag durchgegangen: Insgesamt betreibe ich meinen Blog bereits seit Januar 2010.\u00a0Anfang Mai 2012 &#8211; also ziemlich genau vor einem Jahr &#8211; habe ich mich dann entschieden, die Ver\u00f6ffentlichungsfrist von Beitr\u00e4gen deutlich anzuheben.<\/p>\n<p>Und zwar von einem bis zwei Artikel pro Woche auf einen t\u00e4glichen Rhythmus &#8211; genau genommen einen werkt\u00e4glichen. Das macht in der Summe also gut <a href=\"https:\/\/blog.wiwo.de\/look-at-it\/page\/26\/\" target=\"_blank\">200 Beitr\u00e4ge innerhalb der vergangenen zw\u00f6lf Monate<\/a>.<\/p>\n<p>Lohn der Bem\u00fchungen: Der Leserkreis hat seitdem deutlich zugenommen, wie sich nicht zuletzt in <a href=\"https:\/\/rivva.de\/194466357\" target=\"_blank\">regelm\u00e4\u00dfigen Platzierungen<\/a> <a href=\"https:\/\/rivva.de\/194549239\" target=\"_blank\">diverser Posts<\/a> beim <a href=\"https:\/\/rivva.de\/194631354\" target=\"_blank\">Blog-Aggregator Rivva zeigt<\/a>. Daf\u00fcr Ihnen, liebe Leser, schon mal herzlichen Dank.<\/p>\n<p><strong>Breiteres Themenspektrum<\/strong><\/p>\n<p>Zugenommen hat auch die Breite des Themenspektrums: Ob <a href=\"https:\/\/blog.wiwo.de\/look-at-it\/tag\/tablets\/\" target=\"_blank\">aktuelle Studien zum Tablet-<\/a>, Smartphone- oder PC-Markt, ob Infografiken mit intelligenter Datenaufbereitung zu <a href=\"https:\/\/blog.wiwo.de\/look-at-it\/tag\/soziale-netzwerke\/\" target=\"_blank\">Themen wie sozialen Netzwerken<\/a>, dem Internet oder der <a href=\"https:\/\/blog.wiwo.de\/look-at-it\/2013\/02\/15\/infografik-die-geschichte-der-kommunikation-von-6000-vor-christi-bis-heute\/\" target=\"_blank\">Geschichte der Kommunikation<\/a> bis hin zu gelegentlichen <a href=\"https:\/\/blog.wiwo.de\/look-at-it\/tag\/it-humor\/\" target=\"_blank\">Postings mit Satire-Video<\/a> &#8211; ich versuche stets, einen umfassenden Blick auf die IT-Branche zu werfen.<\/p>\n<p>Aber nat\u00fcrlich bin ich bei der Auswahl auch voreingenommen. Daher meine Frage an Sie, liebe Leser: Welche Themen fehlen Ihnen hier? Was gef\u00e4llt Ihnen, was gef\u00e4llt Ihnen nicht? Ich freue mich \u00fcber Ihre Kommentare, Anregungen und Gedanken!<\/p>\n<p><strong>Verwandte Artikel:<\/strong><\/p>\n<p><a href=\"https:\/\/blog.wiwo.de\/look-at-it\/2013\/03\/04\/mein-umzug-von-posterous-zu-tumblr\/\" target=\"_blank\">Mein Umzug von Posterous zu Tumblr<\/a><\/p>\n<p><a href=\"https:\/\/blog.wiwo.de\/look-at-it\/2012\/08\/20\/unverhoffter-test-fast-zwei-wochen-ohne-internet-anbindung\/\" target=\"_blank\">Unverhoffter Test: (fast) zwei Wochen ohne Internet-Anbindung<\/a><\/p>\n<p><a href=\"https:\/\/blog.wiwo.de\/look-at-it\/2012\/08\/03\/in-eigener-sache-danke-liebe-leser\/\" target=\"_blank\">In eigener Sache: Danke, liebe Leser!<\/a><\/p>\n<p><a href=\"https:\/\/blog.wiwo.de\/look-at-it\/2010\/01\/11\/wer-t-sagt-muss-auch-b-sagen\/\" target=\"_blank\">Wer \u201eT\u201c sagt, muss auch \u201eB\u201c sagen<\/a><\/p>\n","protected":false},"excerpt":{"rendered":"<p>Seit Mai 2012 ver\u00f6ffentliche ich jeden Werktag einen Blogpost, macht seitdem gut 200 Beitr\u00e4ge. Eine R\u00fcckschau &#8211; und eine Frage an die Leser. Na da w\u00e4re mir fast ein gar nicht so unwichtiger Jahrestag durchgegangen: Insgesamt betreibe ich meinen Blog &hellip; <a href=\"https:\/\/blog.wiwo.de\/look-at-it\/2013\/05\/21\/kleines-jubilaum-ein-jahr-taglich-gebloggt\/\">Weiterlesen <span class=\"meta-nav\">&rarr;<\/span><\/a><\/p>\n","protected":false},"author":16,"featured_media":0,"comment_status":"open","ping_status":"open","sticky":false,"template":"","format":"standard","meta":{"footnotes":""},"categories":[1],"tags":[13,39],"class_list":["post-16510","post","type-post","status-publish","format-standard","hentry","category-allgemein","tag-blog","tag-interna"],"_links":{"self":[{"href":"https:\/\/blog.wiwo.de\/look-at-it\/wp-json\/wp\/v2\/posts\/16510","targetHints":{"allow":["GET"]}}],"collection":[{"href":"https:\/\/blog.wiwo.de\/look-at-it\/wp-json\/wp\/v2\/posts"}],"about":[{"href":"https:\/\/blog.wiwo.de\/look-at-it\/wp-json\/wp\/v2\/types\/post"}],"author":[{"embeddable":true,"href":"https:\/\/blog.wiwo.de\/look-at-it\/wp-json\/wp\/v2\/users\/16"}],"replies":[{"embeddable":true,"href":"https:\/\/blog.wiwo.de\/look-at-it\/wp-json\/wp\/v2\/comments?post=16510"}],"version-history":[{"count":0,"href":"https:\/\/blog.wiwo.de\/look-at-it\/wp-json\/wp\/v2\/posts\/16510\/revisions"}],"wp:attachment":[{"href":"https:\/\/blog.wiwo.de\/look-at-it\/wp-json\/wp\/v2\/media?parent=16510"}],"wp:term":[{"taxonomy":"category","embeddable":true,"href":"https:\/\/blog.wiwo.de\/look-at-it\/wp-json\/wp\/v2\/categories?post=16510"},{"taxonomy":"post_tag","embeddable":true,"href":"https:\/\/blog.wiwo.de\/look-at-it\/wp-json\/wp\/v2\/tags?post=16510"}],"curies":[{"name":"wp","href":"https:\/\/api.w.org\/{rel}","templated":true}]}}