{"id":14734,"date":"2013-03-06T09:47:46","date_gmt":"2013-03-06T08:47:46","guid":{"rendered":"https:\/\/blog.wiwo.de\/look-at-it\/?p=14734"},"modified":"2015-03-12T16:26:36","modified_gmt":"2015-03-12T15:26:36","slug":"gelingt-der-cebit-endlich-die-trendwende-bei-den-besucherzahlen","status":"publish","type":"post","link":"https:\/\/blog.wiwo.de\/look-at-it\/2013\/03\/06\/gelingt-der-cebit-endlich-die-trendwende-bei-den-besucherzahlen\/","title":{"rendered":"Gelingt der CeBIT endlich die Trendwende bei den Besucherzahlen?"},"content":{"rendered":"<p><strong>Von wegen schwindende Bedeutung der weltgr\u00f6\u00dften IT-Messe. Jetzt muss der Veranstalter Deutsche Messe aber noch beweisen, dass ihm eine Trendwende bei den r\u00fcckl\u00e4ufigen Besucherzahlen gelingen kann.<\/strong><\/p>\n<p>Das Jahr 2013 markiert f\u00fcr mich meinen siebzehnten CeBIT-Besuch seit meiner pers\u00f6nlichen Premiere 1997. In diesem Zeitraum habe ich die wechselvolle Geschichte der weltgr\u00f6\u00dften IT-Messe am eigenen Leib miterlebt &#8211; von den Boomzeiten mit knapp 800.000 Besuchern kurz vor dem Platzen der Dotcom-Blase im Fr\u00fchjahr 2000 bis zum Schrumpfen auf weniger als die H\u00e4lfte jenes Wertes.<\/p>\n<p>Anl\u00e4sslich eines solchen R\u00fcckgangs gibt es seit Jahren kritische Stimmen, die das schwindende Interesse mit einem Bedeutungsr\u00fcckgang der CeBIT gleichsetzen &#8211; ja den Sinn einer physikalischen Messe und reale Treffen mit Menschen gleich v\u00f6llig infrage stellen. Eine Haltung, die ich\u00a0<a href=\"https:\/\/blog.wiwo.de\/look-at-it\/2012\/03\/08\/mein-cebit-fazit\/\" target=\"_blank\">bereits im Vorjahr als &#8222;typische deutsche Diskussion&#8220; hier im Blog kritisiert habe<\/a>.<\/p>\n<p style=\"text-align: center\"><img loading=\"lazy\" decoding=\"async\" class=\"aligncenter\" style=\"border: 0px\" alt=\"\" src=\"https:\/\/blog.wiwo.de\/look-at-it\/files\/2013\/03\/CeBIT_Statista.jpg\" width=\"560\" height=\"399\" \/><\/p>\n<p style=\"text-align: center\">Quelle: <a href=\"https:\/\/de.statista.com\/themen\/1216\/messewirtschaft\/infografik\/952\/anzahl-der-bersucher-der-computermesse-cebit\/\" target=\"_blank\">Statista\/CeBIT<\/a><\/p>\n<p style=\"text-align: left\">Zumal die hiesigen Unternehmen der Informations- und Kommunikationsindustrie ihre Ums\u00e4tze auch in diesem Jahr steigern wollen: Wie Dieter Kempf, Pr\u00e4sident des Branchenverbandes Bitkom,\u00a0am Montag vor CeBIT-Er\u00f6ffnung verk\u00fcndet hat, erwartet <a href=\"https:\/\/www.heise.de\/newsticker\/meldung\/Wachstum-der-deutschen-ITK-Branche-haelt-an-1815682.html\" target=\"_blank\">die hiesige ITK-Industrie 2013 ein Plus von immerhin 1,4 Prozent<\/a>.\u00a0&#8222;Damit w\u00e4chst der ITK-Markt erneut deutlich st\u00e4rker als die Gesamtwirtschaft\u201c, so Kempf.<\/p>\n<p style=\"text-align: left\">Um die Diskussionen pro und kontra Messe endlich zu beenden, w\u00e4re dem CeBIT-Veranstalter Deutsche Messe AG ein Befreiungsschlag bei den Besucherzahlen zu w\u00fcnschen &#8211; und sei es auf niedrigem Niveau. Erst mit einer Trendwende \u00fcber den Wert von zuletzt 312.000 Messebesuchern d\u00fcrften die kritischen Stimmen verstummen, einstweilen zumindest.<\/p>\n<p style=\"text-align: left\">Am gestrigen ersten Messetag war der Andrang freilich noch mehr als verhalten. Das best\u00e4tigen hinter vorgehaltener Hand auch viele Aussteller. F\u00fcr die finalen Zahlen m\u00fcssen wir uns aber noch bis Anfang n\u00e4chster Woche gedulden.<\/p>\n<p><strong>Verwandte Artikel:<\/strong><\/p>\n<p><a href=\"https:\/\/blog.wiwo.de\/look-at-it\/2012\/06\/27\/exklusiv-polen-wird-cebit-partnerland-2013\/\" target=\"_blank\">Exklusiv: Polen wird CeBIT-Partnerland 2013<\/a> (Juni 2012)<\/p>\n<p><a href=\"https:\/\/blog.wiwo.de\/look-at-it\/2012\/03\/08\/mein-cebit-fazit\/\" target=\"_blank\">Mein CeBIT-Fazit: Real schl\u00e4gt virtuell<\/a>\u00a0(M\u00e4rz 2012)<\/p>\n<p><a href=\"https:\/\/blog.wiwo.de\/look-at-it\/2011\/07\/06\/bitkom-chef-frauen-it\/\" target=\"_blank\">Neuer Bitkom-Chef: Mehr Frauen in die IT<\/a>\u00a0(Juli 2011)<\/p>\n<p><a href=\"https:\/\/blog.wiwo.de\/look-at-it\/2010\/02\/28\/cebit-2010-raus-aus-den-kartoffeln-rein-in-die-kartoffeln\/\" target=\"_blank\">CeBIT: Raus aus den Kartoffeln, rein in die Kartoffeln<\/a>\u00a0(Februar 2010)<\/p>\n","protected":false},"excerpt":{"rendered":"<p>Von wegen schwindende Bedeutung der weltgr\u00f6\u00dften IT-Messe. Jetzt muss der Veranstalter Deutsche Messe aber noch beweisen, dass ihm eine Trendwende bei den r\u00fcckl\u00e4ufigen Besucherzahlen gelingen kann. Das Jahr 2013 markiert f\u00fcr mich meinen siebzehnten CeBIT-Besuch seit meiner pers\u00f6nlichen Premiere 1997. &hellip; <a href=\"https:\/\/blog.wiwo.de\/look-at-it\/2013\/03\/06\/gelingt-der-cebit-endlich-die-trendwende-bei-den-besucherzahlen\/\">Weiterlesen <span class=\"meta-nav\">&rarr;<\/span><\/a><\/p>\n","protected":false},"author":16,"featured_media":0,"comment_status":"open","ping_status":"open","sticky":false,"template":"","format":"standard","meta":{"footnotes":""},"categories":[1],"tags":[12,14],"class_list":["post-14734","post","type-post","status-publish","format-standard","hentry","category-allgemein","tag-bitkom","tag-cebit"],"_links":{"self":[{"href":"https:\/\/blog.wiwo.de\/look-at-it\/wp-json\/wp\/v2\/posts\/14734","targetHints":{"allow":["GET"]}}],"collection":[{"href":"https:\/\/blog.wiwo.de\/look-at-it\/wp-json\/wp\/v2\/posts"}],"about":[{"href":"https:\/\/blog.wiwo.de\/look-at-it\/wp-json\/wp\/v2\/types\/post"}],"author":[{"embeddable":true,"href":"https:\/\/blog.wiwo.de\/look-at-it\/wp-json\/wp\/v2\/users\/16"}],"replies":[{"embeddable":true,"href":"https:\/\/blog.wiwo.de\/look-at-it\/wp-json\/wp\/v2\/comments?post=14734"}],"version-history":[{"count":0,"href":"https:\/\/blog.wiwo.de\/look-at-it\/wp-json\/wp\/v2\/posts\/14734\/revisions"}],"wp:attachment":[{"href":"https:\/\/blog.wiwo.de\/look-at-it\/wp-json\/wp\/v2\/media?parent=14734"}],"wp:term":[{"taxonomy":"category","embeddable":true,"href":"https:\/\/blog.wiwo.de\/look-at-it\/wp-json\/wp\/v2\/categories?post=14734"},{"taxonomy":"post_tag","embeddable":true,"href":"https:\/\/blog.wiwo.de\/look-at-it\/wp-json\/wp\/v2\/tags?post=14734"}],"curies":[{"name":"wp","href":"https:\/\/api.w.org\/{rel}","templated":true}]}}