{"id":12623,"date":"2012-12-19T08:48:19","date_gmt":"2012-12-19T07:48:19","guid":{"rendered":"https:\/\/blog.wiwo.de\/look-at-it\/?p=12623"},"modified":"2016-02-29T11:11:08","modified_gmt":"2016-02-29T10:11:08","slug":"entwicklungsland-deutschland-bei-sozialen-netzwerken-zwischen-mexiko-und-tunesien","status":"publish","type":"post","link":"https:\/\/blog.wiwo.de\/look-at-it\/2012\/12\/19\/entwicklungsland-deutschland-bei-sozialen-netzwerken-zwischen-mexiko-und-tunesien\/","title":{"rendered":"Entwicklungsland Deutschland: Bei sozialen Netzwerken zwischen Mexiko und Tunesien"},"content":{"rendered":"<p><strong>Eine aktuelle Studie belegt erneut: Die Ablehnung von Facebook, Twitter &amp; Co. ist in Deutschland h\u00f6her als in allen anderen Industrienationen.<\/strong><\/p>\n<p>\u00dcber die vermeintliche oder auch tats\u00e4chliche Skepsis der Deutschen gegen\u00fcber neuen Technologien habe ich ja hier im Blog schon mehrfach geschrieben, etwa bez\u00fcglich der <a href=\"https:\/\/blog.wiwo.de\/look-at-it\/2012\/07\/25\/twitter-europakarte-deutschland-immer-noch-weit-abgeschlagen\/\" target=\"_blank\">Nutzung des Kurznachrichtendienstes Twitter<\/a> oder beim <a href=\"https:\/\/blog.wiwo.de\/look-at-it\/2012\/10\/10\/von-wegen-digital-die-ebook-verweigerer-in-europa-vor-allem-in-deutschland\/\" target=\"_blank\">Einsatz von eBooks als Alternative zu gedruckten B\u00fcchern<\/a>.<\/p>\n<p>Eine aktuelle Studie aus den USA best\u00e4tigt diesen Befund nun erneut. So hat der amerikanische Think-Tank <a href=\"https:\/\/de.wikipedia.org\/wiki\/Pew_Research_Center\" target=\"_blank\">Pew Research Center<\/a> in der vergangenen Woche eine Studie zur weltweiten Nutzung von sozialen Netzwerken im Internet ver\u00f6ffentlicht. Dazu haben die Marktforscher 26.000 Menschen in 21 L\u00e4ndern befragt.<\/p>\n<p><img loading=\"lazy\" decoding=\"async\" class=\"aligncenter size-full wp-image-12624\" style=\"border: 0px\" title=\"\" src=\"https:\/\/blog.wiwo.de\/look-at-it\/files\/2012\/12\/SocNetWW.jpg\" alt=\"\" width=\"360\" height=\"749\" srcset=\"https:\/\/blog.wiwo.de\/look-at-it\/files\/2012\/12\/SocNetWW.jpg 360w, https:\/\/blog.wiwo.de\/look-at-it\/files\/2012\/12\/SocNetWW-144x300.jpg 144w\" sizes=\"auto, (max-width: 360px) 100vw, 360px\" \/><\/p>\n<p style=\"text-align: center\">Quelle: <a href=\"https:\/\/de.scribd.com\/doc\/116542187\/Pew-Global-Attitudes-Project\" target=\"_blank\">Pew Research Center<\/a><\/p>\n<p>Erster \u00fcberraschender Befund: Die weltweite Nummer eins mit einem Online-Netzwerker-Anteil von 52 Prozent aller Erwachsenen ist Gro\u00dfbritannien &#8211; noch vor den USA und Russland,\u00a0<a href=\"https:\/\/techcrunch.com\/2012\/12\/12\/pew-social-networking-most-popular-in-the-uk-and-despite-the-smartphone-app-boom-voice-calls-remain-king\/\" target=\"_blank\">wo jeweils die H\u00e4lfte der Befragten soziale Netzwerke nutzen<\/a>.<\/p>\n<p>Deutschland rangiert dagegen am unteren Ende der Skala. Zwar ist der Nutzungsgrad von 34 Prozent aller Erwachsener noch im unteren Mittelfeld. Doch der Anteil der Verweigerer von sozialen Netzwerken ist mit 46 Prozent der Befragten der h\u00f6chste unter allen betrachteten Staaten.<\/p>\n<p>Damit erweist sich einmal mehr: Bei der Nutzung neuer Technologien ist Deutschland weiterhin ein Entwicklungsland, insbesondere im Vergleich mit anderen Industrienationen.<\/p>\n<p><strong>Verwandte Artikel:<\/strong><\/p>\n<p><a href=\"https:\/\/blog.wiwo.de\/look-at-it\/2012\/11\/27\/infografik-die-20-grosten-sozialen-netzwerke-im-uberblick\/\" target=\"_blank\">Infografik: Die 20 gr\u00f6\u00dften sozialen Netzwerke im \u00dcberblick<\/a><\/p>\n<p><a href=\"https:\/\/blog.wiwo.de\/look-at-it\/2012\/11\/20\/facebook-mehr-als-300-millionen-fotos-sowie-32-milliarden-likes-kommentare-am-tag\/\" target=\"_blank\">Facebook: 300 Millionen Fotos; 3,2 Milliarden Likes &amp; Kommentare am Tag<\/a><\/p>\n<p><a href=\"https:\/\/blog.wiwo.de\/look-at-it\/2012\/11\/09\/twitter-eine-million-neue-nutzer-pro-tag-mehr-suchen-als-yahoo-und-bing-zusammen\/\" target=\"_blank\">Twitter: Eine Million neue Nutzer pro Tag; mehr Suchen als Yahoo und Bing<\/a><\/p>\n<p><a href=\"https:\/\/blog.wiwo.de\/look-at-it\/2012\/10\/04\/bilder-schlagen-worte-instagram-uberholt-twitter-bei-der-tagesnutzung\/\" target=\"_blank\">Bilder schlagen Worte: Instagram \u00fcberholt Twitter bei der Tagesnutzung<\/a><\/p>\n<p><a href=\"https:\/\/blog.wiwo.de\/look-at-it\/2012\/10\/01\/soziale-netzwerke-in-deutschland-twitter-fallt-hinter-google-zuruck\/\" target=\"_blank\">Soziale Netzwerke in Deutschland: Twitter f\u00e4llt hinter Google+ zur\u00fcck<\/a><\/p>\n","protected":false},"excerpt":{"rendered":"<p>Eine aktuelle Studie belegt erneut: Die Ablehnung von Facebook, Twitter &amp; Co. ist in Deutschland h\u00f6her als in allen anderen Industrienationen. \u00dcber die vermeintliche oder auch tats\u00e4chliche Skepsis der Deutschen gegen\u00fcber neuen Technologien habe ich ja hier im Blog schon &hellip; <a href=\"https:\/\/blog.wiwo.de\/look-at-it\/2012\/12\/19\/entwicklungsland-deutschland-bei-sozialen-netzwerken-zwischen-mexiko-und-tunesien\/\">Weiterlesen <span class=\"meta-nav\">&rarr;<\/span><\/a><\/p>\n","protected":false},"author":16,"featured_media":0,"comment_status":"open","ping_status":"open","sticky":false,"template":"","format":"standard","meta":{"footnotes":""},"categories":[1],"tags":[23,96,73],"class_list":["post-12623","post","type-post","status-publish","format-standard","hentry","category-allgemein","tag-facebook","tag-social-media","tag-twitter"],"_links":{"self":[{"href":"https:\/\/blog.wiwo.de\/look-at-it\/wp-json\/wp\/v2\/posts\/12623","targetHints":{"allow":["GET"]}}],"collection":[{"href":"https:\/\/blog.wiwo.de\/look-at-it\/wp-json\/wp\/v2\/posts"}],"about":[{"href":"https:\/\/blog.wiwo.de\/look-at-it\/wp-json\/wp\/v2\/types\/post"}],"author":[{"embeddable":true,"href":"https:\/\/blog.wiwo.de\/look-at-it\/wp-json\/wp\/v2\/users\/16"}],"replies":[{"embeddable":true,"href":"https:\/\/blog.wiwo.de\/look-at-it\/wp-json\/wp\/v2\/comments?post=12623"}],"version-history":[{"count":0,"href":"https:\/\/blog.wiwo.de\/look-at-it\/wp-json\/wp\/v2\/posts\/12623\/revisions"}],"wp:attachment":[{"href":"https:\/\/blog.wiwo.de\/look-at-it\/wp-json\/wp\/v2\/media?parent=12623"}],"wp:term":[{"taxonomy":"category","embeddable":true,"href":"https:\/\/blog.wiwo.de\/look-at-it\/wp-json\/wp\/v2\/categories?post=12623"},{"taxonomy":"post_tag","embeddable":true,"href":"https:\/\/blog.wiwo.de\/look-at-it\/wp-json\/wp\/v2\/tags?post=12623"}],"curies":[{"name":"wp","href":"https:\/\/api.w.org\/{rel}","templated":true}]}}